{"id":4157,"date":"2018-09-07T16:45:08","date_gmt":"2018-09-07T14:45:08","guid":{"rendered":"http:\/\/www.kananas.com\/myassociation962\/?p=4157"},"modified":"2019-01-22T11:48:27","modified_gmt":"2019-01-22T10:48:27","slug":"theatre-avec-les-ateliers-medicis-pour-les-jeunes-de-chevreul","status":"publish","type":"post","link":"https:\/\/www.kananas.com\/myassociation962\/theatre-avec-les-ateliers-medicis-pour-les-jeunes-de-chevreul\/","title":{"rendered":"Th\u00e9\u00e2tre avec les Ateliers M\u00e9dicis pour les jeunes de Chevreul"},"content":{"rendered":"<p style=\"text-align: justify\">Pour accompagner le chantier de construction de leur premier lieu, les Ateliers M\u00e9dicis ont invit\u00e9 le metteur en sc\u00e8ne St\u00e9phane Schoukroun \u00e0 concevoir un spectacle avec des habitants de Clichy-sous-Bois et de Montfermeil. Appel\u00e9 Construire, ce spectacle pr\u00e9sent\u00e9 en juin 2018 est une investigation th\u00e9\u00e2trale sur la construction de la ville et la construction de soi. Une dizaine de jeunes du module Chevreul ont \u00ab jou\u00e9 \u00bb avec les artistes et la danseuse Bintou Demb\u00e9l\u00e9. Le tournage a eu lieu dans la maison Chevreul. Une fois la cam\u00e9ra oubli\u00e9e, nos jeunes ont pu laisser libre cours \u00e0 leur imagination.<\/p>\n<p style=\"text-align: right\">Philippe Allard, chef de service<\/p>\n","protected":false},"excerpt":{"rendered":"<p>Pour accompagner le chantier de construction de leur premier lieu, les Ateliers M\u00e9dicis ont invit\u00e9 le metteur en sc\u00e8ne St\u00e9phane<\/p>\n","protected":false},"author":288,"featured_media":4158,"comment_status":"closed","ping_status":"closed","sticky":false,"template":"","format":"standard","meta":{"colormag_page_container_layout":"default_layout","colormag_page_sidebar_layout":"default_layout","_crdt_document":"","footnotes":""},"categories":[116,4],"tags":[89],"class_list":["post-4157","post","type-post","status-publish","format-standard","has-post-thumbnail","hentry","category-la-lettre-n70","category-vie-des-maisons","tag-philippe-allard"],"_links":{"self":[{"href":"https:\/\/www.kananas.com\/myassociation962\/wp-json\/wp\/v2\/posts\/4157","targetHints":{"allow":["GET"]}}],"collection":[{"href":"https:\/\/www.kananas.com\/myassociation962\/wp-json\/wp\/v2\/posts"}],"about":[{"href":"https:\/\/www.kananas.com\/myassociation962\/wp-json\/wp\/v2\/types\/post"}],"author":[{"embeddable":true,"href":"https:\/\/www.kananas.com\/myassociation962\/wp-json\/wp\/v2\/users\/288"}],"replies":[{"embeddable":true,"href":"https:\/\/www.kananas.com\/myassociation962\/wp-json\/wp\/v2\/comments?post=4157"}],"version-history":[{"count":1,"href":"https:\/\/www.kananas.com\/myassociation962\/wp-json\/wp\/v2\/posts\/4157\/revisions"}],"predecessor-version":[{"id":4159,"href":"https:\/\/www.kananas.com\/myassociation962\/wp-json\/wp\/v2\/posts\/4157\/revisions\/4159"}],"wp:featuredmedia":[{"embeddable":true,"href":"https:\/\/www.kananas.com\/myassociation962\/wp-json\/wp\/v2\/media\/4158"}],"wp:attachment":[{"href":"https:\/\/www.kananas.com\/myassociation962\/wp-json\/wp\/v2\/media?parent=4157"}],"wp:term":[{"taxonomy":"category","embeddable":true,"href":"https:\/\/www.kananas.com\/myassociation962\/wp-json\/wp\/v2\/categories?post=4157"},{"taxonomy":"post_tag","embeddable":true,"href":"https:\/\/www.kananas.com\/myassociation962\/wp-json\/wp\/v2\/tags?post=4157"}],"curies":[{"name":"wp","href":"https:\/\/api.w.org\/{rel}","templated":true}]}}