{"id":4185,"date":"2018-12-12T11:48:43","date_gmt":"2018-12-12T10:48:43","guid":{"rendered":"http:\/\/www.kananas.com\/myassociation962\/?p=4185"},"modified":"2019-04-22T10:58:18","modified_gmt":"2019-04-22T08:58:18","slug":"le-commissaire-de-notre-territoire-a-la-rencontre-des-jeunes","status":"publish","type":"post","link":"https:\/\/www.kananas.com\/myassociation962\/le-commissaire-de-notre-territoire-a-la-rencontre-des-jeunes\/","title":{"rendered":"Le commissaire de notre territoire \u00e0 la rencontre des jeunes"},"content":{"rendered":"<p style=\"text-align: justify\">Le mercredi 12 d\u00e9cembre 2018, M. Moreira, commissaire de police des villes de Montfermeil et Clichy-sous-Bois, accompagn\u00e9 d\u2019une collaboratrice et du chef de service de la Brigade des Mineurs, ont \u00e9t\u00e9 accueillis par Florence Mazerat, directrice g\u00e9n\u00e9rale, Yann Chatelin, directeur g\u00e9n\u00e9ral adjoint ainsi que Sylvain Lesueur et Philippe Allard, respectivement directeur et chef de service de la maison Chevreul. Les \u00e9changes tr\u00e8s constructifs autour d\u2019un repas partag\u00e9 au restaurant p\u00e9dagogique de notre association ont permis de r\u00e9affirmer notre engagement mutuel en faveur de la jeunesse et de sa s\u00e9curit\u00e9.<br \/>\nPuis, M. Moreira s\u2019est rendu \u00e0 Chevreul pour une rencontre tr\u00e8s chaleureuse avec des jeunes et des professionnels de la maison. Au cours des discussions qui se sont poursuivies, des solutions ont \u00e9merg\u00e9 pour fluidifier les protocoles, notamment en mati\u00e8re de d\u00e9claration de fugue. Enfin, il fut convenu d\u2019un partenariat plus \u00e9troit pour pr\u00e9venir la d\u00e9linquance et notamment les conduites \u00e0 risques en mati\u00e8re de consommation de cannabis qui reste un fl\u00e9au pour la jeunesse de notre territoire.<\/p>\n<p style=\"text-align: right\">Lesueur Sylvain, Directeur d\u2019\u00e9tablissement<\/p>\n","protected":false},"excerpt":{"rendered":"<p>Le mercredi 12 d\u00e9cembre 2018, M. Moreira, commissaire de police des villes de Montfermeil et Clichy-sous-Bois, accompagn\u00e9 d\u2019une collaboratrice et<\/p>\n","protected":false},"author":288,"featured_media":4183,"comment_status":"closed","ping_status":"closed","sticky":false,"template":"","format":"standard","meta":{"colormag_page_container_layout":"default_layout","colormag_page_sidebar_layout":"default_layout","_crdt_document":"","footnotes":""},"categories":[127,4],"tags":[79],"class_list":["post-4185","post","type-post","status-publish","format-standard","has-post-thumbnail","hentry","category-la-lettre-n71","category-vie-des-maisons","tag-sylvain-lesueur"],"_links":{"self":[{"href":"https:\/\/www.kananas.com\/myassociation962\/wp-json\/wp\/v2\/posts\/4185","targetHints":{"allow":["GET"]}}],"collection":[{"href":"https:\/\/www.kananas.com\/myassociation962\/wp-json\/wp\/v2\/posts"}],"about":[{"href":"https:\/\/www.kananas.com\/myassociation962\/wp-json\/wp\/v2\/types\/post"}],"author":[{"embeddable":true,"href":"https:\/\/www.kananas.com\/myassociation962\/wp-json\/wp\/v2\/users\/288"}],"replies":[{"embeddable":true,"href":"https:\/\/www.kananas.com\/myassociation962\/wp-json\/wp\/v2\/comments?post=4185"}],"version-history":[{"count":2,"href":"https:\/\/www.kananas.com\/myassociation962\/wp-json\/wp\/v2\/posts\/4185\/revisions"}],"predecessor-version":[{"id":4247,"href":"https:\/\/www.kananas.com\/myassociation962\/wp-json\/wp\/v2\/posts\/4185\/revisions\/4247"}],"wp:featuredmedia":[{"embeddable":true,"href":"https:\/\/www.kananas.com\/myassociation962\/wp-json\/wp\/v2\/media\/4183"}],"wp:attachment":[{"href":"https:\/\/www.kananas.com\/myassociation962\/wp-json\/wp\/v2\/media?parent=4185"}],"wp:term":[{"taxonomy":"category","embeddable":true,"href":"https:\/\/www.kananas.com\/myassociation962\/wp-json\/wp\/v2\/categories?post=4185"},{"taxonomy":"post_tag","embeddable":true,"href":"https:\/\/www.kananas.com\/myassociation962\/wp-json\/wp\/v2\/tags?post=4185"}],"curies":[{"name":"wp","href":"https:\/\/api.w.org\/{rel}","templated":true}]}}