{"id":4190,"date":"2019-01-23T13:44:34","date_gmt":"2019-01-23T12:44:34","guid":{"rendered":"http:\/\/www.kananas.com\/myassociation962\/?p=4190"},"modified":"2019-04-22T12:24:49","modified_gmt":"2019-04-22T10:24:49","slug":"23-janvier-2019-des-voeux-offensifs","status":"publish","type":"post","link":"https:\/\/www.kananas.com\/myassociation962\/23-janvier-2019-des-voeux-offensifs\/","title":{"rendered":"23 janvier 2019 : des v\u0153ux offensifs !"},"content":{"rendered":"<p style=\"text-align: justify\"><strong>En r\u00e9pondant aux appels \u00e0 projet de l\u2019Aide Sociale \u00e0 l\u2019Enfance et de la Protection Judiciaire de la Jeunesse, Concorde \u00e9largit son champ d\u2019intervention dans la prise en charge des mineurs. Les invit\u00e9s, que la neige tomb\u00e9e en abondance n\u2019avait pas d\u00e9courag\u00e9s, l\u2019ont bien compris en \u00e9coutant les interventions que nous avons r\u00e9sum\u00e9es.<\/strong><\/p>\n<p style=\"text-align: justify\">Pour satisfaire \u00e0 l\u2019usage, je tiens \u00e0 vous exprimer, au nom de Concorde, mes v\u0153ux les meilleurs et bien chaleureux d\u2019heureuse ann\u00e9e nouvelle pour vous et tous les v\u00f4tres. Permettez-moi de les adresser plus particuli\u00e8rement \u00e0 l\u2019ensemble des salari\u00e9s de l\u2019association qui \u0153uvre au quotidien au bien \u00eatre des gar\u00e7ons et des filles dont ils ont la charge et qui, j\u2019en suis t\u00e9moin, leur manifeste attention et int\u00e9r\u00eat.<\/p>\n<p style=\"text-align: justify\">Mes v\u0153ux iront \u00e9galement et principalement \u00e0 l\u2019ensemble de nos jeunes. Je voudrais dire \u00e0 chacun d\u2019eux, en citant Victor Hugo : \u00ab La libert\u00e9 commence o\u00f9 l\u2019ignorance finit \u00bb.<\/p>\n<p style=\"text-align: justify\">L\u2019ann\u00e9e 2018 a \u00e9t\u00e9 riche en \u00e9v\u00e8nements de toutes sortes dont certains ont t\u00e9moign\u00e9 de la place qu\u2019occupe Concorde dans le dispositif de la protection de l\u2019enfance comme, par exemple, sa participation \u00e0 un colloque \u00e0 Moscou.<\/p>\n<p style=\"text-align: justify\">L\u2019association a poursuivi son d\u00e9veloppement avec l\u2019ouverture d\u2019un nouveau service, le S.E.P.A.D., Service Educatif de Protection et d\u2019Accompagnement \u00e0 Domicile, plac\u00e9 sous la direction d\u2019\u00c9ric Bertherat. Il devrait assurer, dans un premier temps, le suivi de soixante jeunes, souvent des fratries et \u00e0 terme, sans doute davantage (aujourd\u2019hui 33).<\/p>\n<p style=\"text-align: justify\">Nous avons r\u00e9pondu, \u00e0 la fin de l\u2019ann\u00e9e derni\u00e8re, \u00e0 un appel \u00e0 projet du D\u00e9partement de la Seine-Saint-Denis pour l\u2019accueil de mineurs non accompagn\u00e9s encore appel\u00e9s mineurs isol\u00e9s. Notre projet porte sur cent jeunes au plus, il s\u2019appuiera sur l\u2019ensemble de nos structures autour d\u2019une plateforme d\u2019insertion.<\/p>\n<p style=\"text-align: justify\">Tout cela repr\u00e9sente un travail pr\u00e9paratoire consid\u00e9rable et un suivi de tous les instants.<\/p>\n<p style=\"text-align: justify\">Dans le domaine d\u2019action qui est le n\u00f4tre, l\u2019intervention associative reste essentielle, chaque association apportant son exp\u00e9rience unique et sa sp\u00e9cificit\u00e9 autour de valeurs communes. Nous entendons revendiquer et d\u00e9fendre notre libert\u00e9 d\u2019action et que soit reconnue \u00e0 sa juste valeur notre collaboration.<\/p>\n<p style=\"text-align: justify\">Monsieur le Directeur Interr\u00e9gional de la Protection Judiciaire de la Jeunesse, vous avez accept\u00e9 de pr\u00e9sider notre manifestation de ce jour. Je tiens, bien s\u00fbr, \u00e0 vous en remercier tr\u00e8s chaleureusement. Sous votre autorit\u00e9, l\u2019Association Concorde a renforc\u00e9 ses liens avec la Protection Judiciaire de la Jeunesse, acceptant des missions nouvelles et d\u00e9licates que nous assumons dans une confiance partag\u00e9e.<\/p>\n<p style=\"text-align: justify\">Nous avons toujours pu compter sur votre soutien et votre compr\u00e9hension ainsi que de la part de vos collaborateurs. Concorde a, d\u00e8s sa cr\u00e9ation en 1969 \u00e0 laquelle ont particip\u00e9 des \u00e9ducateurs de justice et des magistrats, b\u00e9n\u00e9fici\u00e9 pour toutes ses structures de l\u2019habilitation du Minist\u00e8re de la Justice. Elle y attache beaucoup d\u2019importance. Celle-ci fait partie int\u00e9grante de son histoire d\u00e9j\u00e0 longue et nous avons la faiblesse de penser que notre concours, m\u00eame s\u2019il demeure modeste au regard du nombre total de mesures que nous exer\u00e7ons, s\u2019av\u00e8re utile et efficace quant \u00e0 la complexit\u00e9 des situations qui nous sont confi\u00e9es par les juges et votre administration, notamment depuis ces derni\u00e8res ann\u00e9es. C\u2019est avec plaisir que nous coop\u00e9rons avec vos services et, l\u00e0 encore, j\u2019en suis le t\u00e9moin privil\u00e9gi\u00e9 lorsque j\u2019entends les diff\u00e9rents directeurs et responsables de Concorde en parler. Soyez persuad\u00e9 que nous poursuivrons notre mission et que nous r\u00e9pondrons, dans la mesure de nos moyens et de nos capacit\u00e9s, \u00e0 vos demandes.<\/p>\n<p style=\"text-align: justify\">Je voudrais renouveler \u00e0 Florence Mazerat, notre directrice g\u00e9n\u00e9rale, ma gratitude pour son action inlassable au service de l\u2019association mais plus encore \u00e0 celui des jeunes, ma totale confiance en ses qualit\u00e9s professionnelles et humaines et mes tr\u00e8s sinc\u00e8res remerciements pour son engagement personnel et son investissement. Je lui demande de bien vouloir \u00eatre mon interpr\u00e8te aupr\u00e8s de ses collaborateurs et de toutes ses \u00e9quipes dans nos diff\u00e9rents \u00e9tablissements en leur exprimant ma reconnaissance et celle du conseil d\u2019administration pour la qualit\u00e9 de leur travail et leur disponibilit\u00e9.<\/p>\n<p style=\"text-align: justify\">Un merci particulier \u00e0 la maison Marie-Foilaine Desolneux qui nous accueille, \u00e0 tous nos cuisiniers et cuisini\u00e8res qui, une fois encore, se sont surpass\u00e9s pour notre plus grand plaisir.<\/p>\n<figure id=\"attachment_4195\" aria-describedby=\"caption-attachment-4195\" style=\"width: 281px\" class=\"wp-caption alignright\"><img loading=\"lazy\" decoding=\"async\" class=\"wp-image-4195\" src=\"http:\/\/www.kananas.com\/myassociation962\/wp-content\/uploads\/sites\/280\/2019\/04\/Capture-d\u2019e\u0301cran-2019-04-19-a\u0300-13.47.24.png\" alt=\"\" width=\"281\" height=\"321\" srcset=\"https:\/\/www.kananas.com\/myassociation962\/wp-content\/uploads\/sites\/280\/2019\/04\/Capture-d\u2019e\u0301cran-2019-04-19-a\u0300-13.47.24.png 320w, https:\/\/www.kananas.com\/myassociation962\/wp-content\/uploads\/sites\/280\/2019\/04\/Capture-d\u2019e\u0301cran-2019-04-19-a\u0300-13.47.24-262x300.png 262w\" sizes=\"auto, (max-width: 281px) 100vw, 281px\" \/><figcaption id=\"caption-attachment-4195\" class=\"wp-caption-text\">Florence Mazerat, directrice g\u00e9n\u00e9ral<\/figcaption><\/figure>\n<p style=\"text-align: justify\"><img loading=\"lazy\" decoding=\"async\" class=\" wp-image-4194 alignleft\" src=\"http:\/\/www.kananas.com\/myassociation962\/wp-content\/uploads\/sites\/280\/2019\/04\/Capture-d\u2019e\u0301cran-2019-04-19-a\u0300-13.45.36.png\" alt=\"\" width=\"510\" height=\"336\" srcset=\"https:\/\/www.kananas.com\/myassociation962\/wp-content\/uploads\/sites\/280\/2019\/04\/Capture-d\u2019e\u0301cran-2019-04-19-a\u0300-13.45.36.png 689w, https:\/\/www.kananas.com\/myassociation962\/wp-content\/uploads\/sites\/280\/2019\/04\/Capture-d\u2019e\u0301cran-2019-04-19-a\u0300-13.45.36-300x198.png 300w\" sizes=\"auto, (max-width: 510px) 100vw, 510px\" \/><\/p>\n<p style=\"text-align: justify\">Comme chaque ann\u00e9e, c\u2019est pour nous un immense plaisir de vous recevoir pour un moment de rencontre, de partage, o\u00f9 nous laissons de c\u00f4t\u00e9 nos tracas.<\/p>\n<p style=\"text-align: justify\">Pourtant, des tracas, il y en a eu beaucoup en 2018. Cela s\u2019est traduit par : La modification de notre habilitation pour l\u2019ensemble de nos maisons.<\/p>\n<p style=\"text-align: justify\">D\u00e9sormais, nous ne pouvons plus accueillir nos jeunes que jusqu\u2019\u00e0 17 ans et 364 jours. Cela signifie donc, que nous devrons les pr\u00e9parer \u00e0 sortir dans le courant de leur 17\u00e8me ann\u00e9e alors que le travail \u00e9ducatif pour un grand nombre d\u2019entre eux est loin d\u2019\u00eatre achev\u00e9.<\/p>\n<p>&nbsp;<\/p>\n<p style=\"text-align: justify\">Cela bouscule tr\u00e8s fortement nos pratiques professionnelles et nos valeurs, nous, qui avions une expertise reconnue sur les prises en charge des jeunes majeurs.<\/p>\n<p style=\"text-align: justify\">La diminution de 5 places par \u00e9tablissement au profit du placement \u00e0 domicile. C\u2019est ainsi que le 1er septembre 2018, le SEPAD (Service Educatif de Placement A Domicile) a ouvert ses portes \u00e0 Les Pavillons S\/s Bois. Il s\u2019est inscrit dans le dispositif ADOPHE (Dispositif d\u2019Accompagnement \u00e0 Domicile avec Possibilit\u00e9 d\u2019H\u00e9bergement). \u00c9ric Bertherat en a pris la direction,\u00a0 paul\u00e9 par Floriane Dorl\u00e9ans, Cheffe de Service Educatif. A ce jour, 33 jeunes et familles sont suivies par le service.<\/p>\n<p style=\"text-align: justify\">Enfin, un appel \u00e0 projet pour les Mineurs Non Accompagn\u00e9s a \u00e9t\u00e9 publi\u00e9 le 27 octobre. Nous nous en sommes saisis et il a \u00e9t\u00e9 d\u00e9pos\u00e9 le 7 janvier 2019. R\u00e9pondre \u00e0 un tel projet entre les vacances de la Toussaint et les vacances de No\u00ebl, soit sur des d\u00e9lais tr\u00e8s courts, au regard de la complexit\u00e9 du cahier des charges rel\u00e8ve du d\u00e9fi. La commission (le grand oral) aura lieu aux alentours du 8 f\u00e9vrier.<br \/>\nDiff\u00e9rentes instances, je veux parler d\u2019IDEE 93 (Inter-association D\u00e9partementale pour l\u2019Education et l\u2019Enfance 93) et le GRESA (Groupe de Recherche des Etablissements et service Associatif) ont \u00e9t\u00e9 d\u2019un grand soutien pour tous les acteurs au travers d\u2019\u00e9changes anim\u00e9s. 2019 sera tout aussi dense et difficile mais si je dois formuler un v\u0153u, c\u2019est celui de la r\u00e9ussite pour Concorde. Notamment pour le METADAP (Service des jeunes en grandes difficult\u00e9s) qui est fragilis\u00e9, non pas sur la prise en charge des jeunes, m\u00eame si elle est tr\u00e8s<br \/>\ncompliqu\u00e9e, mais le resserrement des financements. Il nous faudra \u00eatre force de proposition pour sauver ce dispositif qui a toutes les raisons d\u2019exister dans le contexte actuel.<br \/>\nPour \u00eatre plus optimiste, Concorde f\u00eatera ses 50 ans en mars prochain, aussi, vous \u00eates tous convi\u00e9s le vendredi 28 juin \u00e0 12 h \u00e0 la maison Aristide Briand. Nous vous promettons une belle journ\u00e9e festive.<\/p>\n<p style=\"text-align: justify\"><img loading=\"lazy\" decoding=\"async\" class=\"size-full wp-image-4200 alignleft\" src=\"http:\/\/www.kananas.com\/myassociation962\/wp-content\/uploads\/sites\/280\/2019\/04\/Capture-d\u2019e\u0301cran-2019-04-19-a\u0300-13.55.18.png\" alt=\"\" width=\"658\" height=\"493\" srcset=\"https:\/\/www.kananas.com\/myassociation962\/wp-content\/uploads\/sites\/280\/2019\/04\/Capture-d\u2019e\u0301cran-2019-04-19-a\u0300-13.55.18.png 658w, https:\/\/www.kananas.com\/myassociation962\/wp-content\/uploads\/sites\/280\/2019\/04\/Capture-d\u2019e\u0301cran-2019-04-19-a\u0300-13.55.18-300x225.png 300w\" sizes=\"auto, (max-width: 658px) 100vw, 658px\" \/>Comme le veut la tradition des v\u0153ux, je remercie l\u2019ensemble du personnel, tous services confondus, pour leur implication, leur d\u00e9vouement, leur engagement au service des jeunes et de l\u2019association.<br \/>\nJe veux \u00e9galement saluer Yann Chatelin, Sandrine Baillergeant, les directrices et directeurs, les chefs de service qui sont les moteurs m\u00eames des maisons et services. Soyez ici vivement remerci\u00e9s.<br \/>\nMerci \u00e0 notre pr\u00e9sident, au conseil d\u2019administration pour leur soutien sans faille.<br \/>\nPour vous les jeunes, qui chaque jour, nous donnez l\u2019envie d\u2019\u00eatre aupr\u00e8s de vous, nous repoussons les limites pour vous accompagner et vous aider \u00e0 construire votre avenir.<br \/>\nUn immense MERCI \u00e9galement \u00e0 vous tous, adh\u00e9rents, amis, coll\u00e8gues, partenaires d\u2019\u00eatre l\u00e0, d\u2019avoir brav\u00e9 la neige qui s\u2019est invit\u00e9e.<br \/>\nTous ensemble, dans la coh\u00e9rence et la concertation, nous pourrons relever tous les d\u00e9fis, surmonter les \u00e9preuves pour garantir \u00e0 nos jeunes s\u00e9curit\u00e9 et s\u00e9r\u00e9nit\u00e9 dans leur parcours.<\/p>\n<p style=\"text-align: justify\">Un remerciement tout particulier aux \u00e9quipes de cuisiniers et d\u2019agents techniques pour avoir \u0153uvr\u00e9 \u00e0 la r\u00e9ussite de cette journ\u00e9e.<br \/>\nEnfin, permettez-moi de pr\u00e9senter \u00e0 chacun d\u2019entre vous tous mes v\u0153ux \u00e0 l\u2019aube de cette nouvelle ann\u00e9e. Qu\u2019elle puisse \u00eatre porteuse de projets et d\u2019ambition.<br \/>\nJe c\u00e8de sans plus tarder la parole \u00e0 Monsieur Simon, directeur de la Protection Judiciaire et de la Jeunesse, qui nous fait l\u2019honneur de pr\u00e9sider les v\u0153ux.<\/p>\n<p style=\"text-align: justify\">En sa qualit\u00e9 de Directeur Interr\u00e9gional, Monsieur Simon avait souhait\u00e9 visiter les \u00e9tablissements du secteur habilit\u00e9 de la Seine-Saint-Denis. C\u2019est ainsi qu\u2019en avril 2016, il a rencontr\u00e9 le personnel du CPI (Centre de Placement Imm\u00e9diat) \u00ab Les Sorbiers \u00bb. Concorde avait soumis une expertise pour la prise en charge des jeunes en tr\u00e8s grandes difficult\u00e9s. La discussion avec le Chef de Service, Jean-Paul Blanchard, a \u00e9t\u00e9 r\u00e9v\u00e9latrice de l\u2019engagement, du professionnalisme des personnels et de leur capacit\u00e9 \u00e0 repousser les limites avec la cr\u00e9ation de dispositifs d\u2019accueil individualis\u00e9.<\/p>\n<figure id=\"attachment_4199\" aria-describedby=\"caption-attachment-4199\" style=\"width: 329px\" class=\"wp-caption alignleft\"><img loading=\"lazy\" decoding=\"async\" class=\"wp-image-4199 \" src=\"http:\/\/www.kananas.com\/myassociation962\/wp-content\/uploads\/sites\/280\/2019\/04\/Capture-d\u2019e\u0301cran-2019-04-19-a\u0300-13.53.41.png\" alt=\"\" width=\"329\" height=\"391\" srcset=\"https:\/\/www.kananas.com\/myassociation962\/wp-content\/uploads\/sites\/280\/2019\/04\/Capture-d\u2019e\u0301cran-2019-04-19-a\u0300-13.53.41.png 254w, https:\/\/www.kananas.com\/myassociation962\/wp-content\/uploads\/sites\/280\/2019\/04\/Capture-d\u2019e\u0301cran-2019-04-19-a\u0300-13.53.41-252x300.png 252w\" sizes=\"auto, (max-width: 329px) 100vw, 329px\" \/><figcaption id=\"caption-attachment-4199\" class=\"wp-caption-text\">Dominique Simon, directeur interr\u00e9gional de la PJJ<\/figcaption><\/figure>\n<p style=\"text-align: justify\">Monsieur Dominique Simon a bri\u00e8vement \u00e9voqu\u00e9 sa rencontre avec Monsieur Junqua, lorsque celui-ci \u00e9tait encore magistrat \u00e0 Nancy. Puis quelques ann\u00e9es plus tard, alors qu\u2019il \u00e9tait devenu Pr\u00e9sident de l\u2019AEPC. Ce fut l\u2019occasion de d\u00e9couvrir l\u2019association, d\u2019appr\u00e9cier ses valeurs et ses m\u00e9thodes de travail.<br \/>\nRappelant que le comportement des jeunes est r\u00e9versible, il s\u2019est f\u00e9licit\u00e9 de la capacit\u00e9 de Concorde \u00e0 prendre en charge des mineurs aux comportements tr\u00e8s probl\u00e9matiques dans des structures nouvelles, construites pour r\u00e9pondre \u00e0 des situations complexes ; \u00e0 r\u00e9pondre pr\u00e9sent pour conduire une action \u00e9ducative avec de jeunes adolescents dans un contexte criminel ; \u00e0 \u00e9laborer avec l\u2019accord de son conseil d\u2019administration un dispositif qui a \u00e9t\u00e9 pr\u00e9sent\u00e9 \u00e0 Mme la garde des Sceaux. Il a \u00e9galement fait \u00e9tat de nouveaux appels \u00e0 projet auxquels nous serions en mesure de r\u00e9pondre. Il a tr\u00e8s chaleureusement remerci\u00e9 les cadres et tout le personnel pour leur d\u00e9vouement aupr\u00e8s des jeunes. Monsieur Simon a commenc\u00e9 sa carri\u00e8re en qualit\u00e9 d\u2019\u00e9ducateur, et \u00e0 ce titre, reconnait le professionnalisme et la bienveillance de l\u2019ensemble des personnels au sein de l\u2019Association. Il a \u00e9galement remerci\u00e9 Norbert Ligny, directeur de THELEMYTHE, et tous ses collaborateurs pour le travail remarquable qu\u2019ils effectuaient aupr\u00e8s des jeunes et a reconnu que ces r\u00e9sultats l\u2019avaient r\u00e9concili\u00e9 avec les psychologues.<\/p>\n<p style=\"text-align: justify\">Au regard de la situation complexe de la Seine-Saint-Denis, Monsieur Simon, sensible au rapport des parlementaires sur la r\u00e9alit\u00e9 du d\u00e9partement, s\u2019est engag\u00e9 \u00e0 l\u2019aider, en se donnant les moyens financiers et humains pour faire de l\u2019ann\u00e9e 2019, l\u2019ann\u00e9e de la Seine-Saint-Denis, par un soutien de ses services, sous l\u2019\u00e9gide de Monsieur Jean-Christophe Brihat, directeur territorial de la Protection Judiciaire de la Jeunesse de Seine-Saint-Denis et de son adjoint, Monsieur Jean-Yves Bassinot. Il a termin\u00e9 son allocution en pr\u00e9cisant qu\u2019il \u00e9tait tr\u00e8s honor\u00e9 d\u2019avoir \u00e9t\u00e9 invit\u00e9 \u00e0 pr\u00e9sider ces v\u0153ux et que c\u2019\u00e9tait avec grand plaisir qu\u2019il avait accept\u00e9.<\/p>\n","protected":false},"excerpt":{"rendered":"<p>En r\u00e9pondant aux appels \u00e0 projet de l\u2019Aide Sociale \u00e0 l\u2019Enfance et de la Protection Judiciaire de la Jeunesse, Concorde<\/p>\n","protected":false},"author":288,"featured_media":4244,"comment_status":"closed","ping_status":"closed","sticky":false,"template":"","format":"standard","meta":{"colormag_page_container_layout":"default_layout","colormag_page_sidebar_layout":"default_layout","_crdt_document":"","footnotes":""},"categories":[127,5],"tags":[],"class_list":["post-4190","post","type-post","status-publish","format-standard","has-post-thumbnail","hentry","category-la-lettre-n71","category-vie-de-lassociation"],"_links":{"self":[{"href":"https:\/\/www.kananas.com\/myassociation962\/wp-json\/wp\/v2\/posts\/4190","targetHints":{"allow":["GET"]}}],"collection":[{"href":"https:\/\/www.kananas.com\/myassociation962\/wp-json\/wp\/v2\/posts"}],"about":[{"href":"https:\/\/www.kananas.com\/myassociation962\/wp-json\/wp\/v2\/types\/post"}],"author":[{"embeddable":true,"href":"https:\/\/www.kananas.com\/myassociation962\/wp-json\/wp\/v2\/users\/288"}],"replies":[{"embeddable":true,"href":"https:\/\/www.kananas.com\/myassociation962\/wp-json\/wp\/v2\/comments?post=4190"}],"version-history":[{"count":8,"href":"https:\/\/www.kananas.com\/myassociation962\/wp-json\/wp\/v2\/posts\/4190\/revisions"}],"predecessor-version":[{"id":4263,"href":"https:\/\/www.kananas.com\/myassociation962\/wp-json\/wp\/v2\/posts\/4190\/revisions\/4263"}],"wp:featuredmedia":[{"embeddable":true,"href":"https:\/\/www.kananas.com\/myassociation962\/wp-json\/wp\/v2\/media\/4244"}],"wp:attachment":[{"href":"https:\/\/www.kananas.com\/myassociation962\/wp-json\/wp\/v2\/media?parent=4190"}],"wp:term":[{"taxonomy":"category","embeddable":true,"href":"https:\/\/www.kananas.com\/myassociation962\/wp-json\/wp\/v2\/categories?post=4190"},{"taxonomy":"post_tag","embeddable":true,"href":"https:\/\/www.kananas.com\/myassociation962\/wp-json\/wp\/v2\/tags?post=4190"}],"curies":[{"name":"wp","href":"https:\/\/api.w.org\/{rel}","templated":true}]}}