{"id":4217,"date":"2019-01-07T12:17:29","date_gmt":"2019-01-07T11:17:29","guid":{"rendered":"http:\/\/www.kananas.com\/myassociation962\/?p=4217"},"modified":"2019-04-22T12:23:28","modified_gmt":"2019-04-22T10:23:28","slug":"projet-mna-un-nouveau-defi","status":"publish","type":"post","link":"https:\/\/www.kananas.com\/myassociation962\/projet-mna-un-nouveau-defi\/","title":{"rendered":"Projet MNA : un nouveau d\u00e9fi !"},"content":{"rendered":"<p style=\"text-align: justify\">L\u2019appel \u00e0 projet du d\u00e9partement de Seine-Saint-Denis, pour l\u2019ouverture de 800 places de Mineurs Non Accompagn\u00e9s et de Jeunes Majeurs Isol\u00e9s, est paru en novembre dernier. A la diff\u00e9rence de celui de Paris, restrictif aux op\u00e9rateurs parisiens, il est ouvert \u00e0 l\u2019ensemble du territoire national. La concurrence va \u00eatre rude !<\/p>\n<p style=\"text-align: justify\">L\u2019AEPC-Concorde, qui f\u00eatera ses 50 ans en juin 2019, ne pouvait manquer ce rendez-vous.<\/p>\n<p style=\"text-align: justify\">L\u2019appel \u00e0 projet est \u00e0 la fois ambitieux sur le plan des accompagnements et tr\u00e8s contraint sur le plan budg\u00e9taire. Alors, le d\u00e9marrage des groupes de travail ne s\u2019est pas fait sans d\u00e9bats. Les \u00e9changes anim\u00e9s, voire passionn\u00e9s, ont port\u00e9 sur la meilleure ad\u00e9quation entre le fond, sous-tendu par nos valeurs de respect des personnes, de tol\u00e9rance, de refus de l\u2019exclusion, et la mise en \u0153uvre devant conduire \u00e0 l\u2019apprentissage de la vie sociale et de la libert\u00e9, la pr\u00e9paration de l\u2019autonomie \u00e0 l\u2019ind\u00e9pendance, l\u2019\u00e9ducation \u00e0 la citoyennet\u00e9. En r\u00e9sum\u00e9, aurions-nous les moyens de nos ambitions pour les jeunes ?<\/p>\n<p style=\"text-align: justify\">Pour le savoir, il fallait nous mettre au travail en mobilisant les comp\u00e9tences et les divers savoir-faire existants au sein de l\u2019association. Pas moins de 18 personnes se sont concert\u00e9es pour en construire le socle et identifier les possibles orientations. Au passage, il faut saluer la patience de notre directeur g\u00e9n\u00e9ral adjoint, entre-autres \u00ab chef des sous \u00bb, qui \u00e0 de multiples reprises et avec le flegme que nous lui connaissons, a pr\u00e9sent\u00e9, re-pr\u00e9sent\u00e9 et re-re-pr\u00e9sent\u00e9 le budget pr\u00e9visionnel.<\/p>\n<p style=\"text-align: justify\">Les fondements pos\u00e9s pour compiler les diff\u00e9rents \u00e9crits et proposer un projet coh\u00e9rent jusque-l\u00e0 encore morcel\u00e9, il restait \u00e0 retenir et \u00e9liminer. En quelques minutes, notre directrice g\u00e9n\u00e9rale, que nous savons douce et paisible et surtout anim\u00e9e d\u2019une volont\u00e9 d\u2019adaptation de l\u2019association, a tranch\u00e9 dans nos incertitudes. La direction \u00e9tant ainsi donn\u00e9e, un groupe plus restreint de 6 personnes s\u2019est attel\u00e9 \u00e0 la r\u00e9daction du projet appel\u00e9 \u00ab Filles et Gar\u00e7ons du Monde \u00bb. Il a \u00e9t\u00e9 d\u00e9pos\u00e9 le 7 janvier 2019. La commission de s\u00e9lection s\u2019est r\u00e9unie et l\u2019a retenu pour la prise en charge de 100 jeunes accueillis dans une unit\u00e9 d\u2019h\u00e9bergement collectif, des familles logeuses, des logements&#8230;<\/p>\n<p style=\"text-align: justify\">Nous remercions toutes les personnes qui auront contribu\u00e9 \u00e0 la r\u00e9flexion et \u00e0 l\u2019\u00e9criture du projet, avec une mention sp\u00e9ciale pour notre assistante de direction qui en a assur\u00e9 la mise en forme, essentielle pour retenir l\u2019attention de la commission.<\/p>\n<p style=\"text-align: justify\">Ce fut une belle exp\u00e9rience de collaboration transversale. A refaire.<\/p>\n<p style=\"text-align: justify\">Apr\u00e8s avoir v\u00e9cu des semaines intenses de coop\u00e9ration, propices \u00e0 nous rassembler autour de ce pourquoi nous oeuvrons tous au quotidien, \u00e0 savoir cette jeunesse citoyenne du monde, nous sommes pr\u00eats !<\/p>\n<p style=\"text-align: justify\">L\u2019accueil est pr\u00e9vu d\u00e8s avril 2019.<\/p>\n<p style=\"text-align: right\">Catherine Letourdu, <i>directrice de La Caravane <\/i><\/p>\n","protected":false},"excerpt":{"rendered":"<p>L\u2019appel \u00e0 projet du d\u00e9partement de Seine-Saint-Denis, pour l\u2019ouverture de 800 places de Mineurs Non Accompagn\u00e9s et de Jeunes Majeurs<\/p>\n","protected":false},"author":288,"featured_media":4218,"comment_status":"closed","ping_status":"closed","sticky":false,"template":"","format":"standard","meta":{"colormag_page_container_layout":"default_layout","colormag_page_sidebar_layout":"default_layout","_crdt_document":"","footnotes":""},"categories":[127,4],"tags":[130],"class_list":["post-4217","post","type-post","status-publish","format-standard","has-post-thumbnail","hentry","category-la-lettre-n71","category-vie-des-maisons","tag-catherine-letourdu"],"_links":{"self":[{"href":"https:\/\/www.kananas.com\/myassociation962\/wp-json\/wp\/v2\/posts\/4217","targetHints":{"allow":["GET"]}}],"collection":[{"href":"https:\/\/www.kananas.com\/myassociation962\/wp-json\/wp\/v2\/posts"}],"about":[{"href":"https:\/\/www.kananas.com\/myassociation962\/wp-json\/wp\/v2\/types\/post"}],"author":[{"embeddable":true,"href":"https:\/\/www.kananas.com\/myassociation962\/wp-json\/wp\/v2\/users\/288"}],"replies":[{"embeddable":true,"href":"https:\/\/www.kananas.com\/myassociation962\/wp-json\/wp\/v2\/comments?post=4217"}],"version-history":[{"count":1,"href":"https:\/\/www.kananas.com\/myassociation962\/wp-json\/wp\/v2\/posts\/4217\/revisions"}],"predecessor-version":[{"id":4219,"href":"https:\/\/www.kananas.com\/myassociation962\/wp-json\/wp\/v2\/posts\/4217\/revisions\/4219"}],"wp:featuredmedia":[{"embeddable":true,"href":"https:\/\/www.kananas.com\/myassociation962\/wp-json\/wp\/v2\/media\/4218"}],"wp:attachment":[{"href":"https:\/\/www.kananas.com\/myassociation962\/wp-json\/wp\/v2\/media?parent=4217"}],"wp:term":[{"taxonomy":"category","embeddable":true,"href":"https:\/\/www.kananas.com\/myassociation962\/wp-json\/wp\/v2\/categories?post=4217"},{"taxonomy":"post_tag","embeddable":true,"href":"https:\/\/www.kananas.com\/myassociation962\/wp-json\/wp\/v2\/tags?post=4217"}],"curies":[{"name":"wp","href":"https:\/\/api.w.org\/{rel}","templated":true}]}}