{"id":4248,"date":"2018-12-22T11:00:24","date_gmt":"2018-12-22T10:00:24","guid":{"rendered":"http:\/\/www.kananas.com\/myassociation962\/?p=4248"},"modified":"2019-04-22T11:04:40","modified_gmt":"2019-04-22T09:04:40","slug":"noel-aux-clarines-2","status":"publish","type":"post","link":"https:\/\/www.kananas.com\/myassociation962\/noel-aux-clarines-2\/","title":{"rendered":"No\u00ebl aux Clarines"},"content":{"rendered":"<p style=\"text-align: justify\">La maison Aristide Briand a s\u00e9journ\u00e9 du 22 au 30 d\u00e9cembre 2018 au sein de la maison des Clarines. Tout comme aux vacances de la Toussaint, 7 jeunes ont pu appr\u00e9cier le cadre jurassien hivernal et d\u00e9couvrir les joies des sports d&rsquo;hiver. Ski alpin, luge n&rsquo;ont plus de secret pour eux ainsi que pour les deux \u00e9ducateurs qui les ontaccompagn\u00e9s. Tout le monde est revenu heureux et plein d&rsquo;\u00e9nergie.<\/p>\n<p style=\"text-align: right\">Khadija O. et Rached M.<\/p>\n","protected":false},"excerpt":{"rendered":"<p>La maison Aristide Briand a s\u00e9journ\u00e9 du 22 au 30 d\u00e9cembre 2018 au sein de la maison des Clarines. Tout<\/p>\n","protected":false},"author":288,"featured_media":4249,"comment_status":"closed","ping_status":"closed","sticky":false,"template":"","format":"standard","meta":{"colormag_page_container_layout":"default_layout","colormag_page_sidebar_layout":"default_layout","_crdt_document":"","footnotes":""},"categories":[127,4],"tags":[128,95],"class_list":["post-4248","post","type-post","status-publish","format-standard","has-post-thumbnail","hentry","category-la-lettre-n71","category-vie-des-maisons","tag-khadija-o","tag-rached-masri"],"_links":{"self":[{"href":"https:\/\/www.kananas.com\/myassociation962\/wp-json\/wp\/v2\/posts\/4248","targetHints":{"allow":["GET"]}}],"collection":[{"href":"https:\/\/www.kananas.com\/myassociation962\/wp-json\/wp\/v2\/posts"}],"about":[{"href":"https:\/\/www.kananas.com\/myassociation962\/wp-json\/wp\/v2\/types\/post"}],"author":[{"embeddable":true,"href":"https:\/\/www.kananas.com\/myassociation962\/wp-json\/wp\/v2\/users\/288"}],"replies":[{"embeddable":true,"href":"https:\/\/www.kananas.com\/myassociation962\/wp-json\/wp\/v2\/comments?post=4248"}],"version-history":[{"count":1,"href":"https:\/\/www.kananas.com\/myassociation962\/wp-json\/wp\/v2\/posts\/4248\/revisions"}],"predecessor-version":[{"id":4250,"href":"https:\/\/www.kananas.com\/myassociation962\/wp-json\/wp\/v2\/posts\/4248\/revisions\/4250"}],"wp:featuredmedia":[{"embeddable":true,"href":"https:\/\/www.kananas.com\/myassociation962\/wp-json\/wp\/v2\/media\/4249"}],"wp:attachment":[{"href":"https:\/\/www.kananas.com\/myassociation962\/wp-json\/wp\/v2\/media?parent=4248"}],"wp:term":[{"taxonomy":"category","embeddable":true,"href":"https:\/\/www.kananas.com\/myassociation962\/wp-json\/wp\/v2\/categories?post=4248"},{"taxonomy":"post_tag","embeddable":true,"href":"https:\/\/www.kananas.com\/myassociation962\/wp-json\/wp\/v2\/tags?post=4248"}],"curies":[{"name":"wp","href":"https:\/\/api.w.org\/{rel}","templated":true}]}}