{"id":4268,"date":"2019-02-23T19:16:23","date_gmt":"2019-02-23T18:16:23","guid":{"rendered":"http:\/\/www.kananas.com\/myassociation962\/?p=4268"},"modified":"2019-05-02T19:25:18","modified_gmt":"2019-05-02T17:25:18","slug":"vacances-de-neige-aux-clarines-pour-la-maison-chevreul","status":"publish","type":"post","link":"https:\/\/www.kananas.com\/myassociation962\/vacances-de-neige-aux-clarines-pour-la-maison-chevreul\/","title":{"rendered":"Vacances de neige aux Clarines pour la maison Chevreul"},"content":{"rendered":"<p style=\"text-align: justify\"><img loading=\"lazy\" decoding=\"async\" class=\" wp-image-4269 alignleft\" src=\"http:\/\/www.kananas.com\/myassociation962\/wp-content\/uploads\/sites\/280\/2019\/05\/Capture-d\u2019e\u0301cran-2019-05-02-a\u0300-19.20.56.jpg\" alt=\"\" width=\"210\" height=\"409\" srcset=\"https:\/\/www.kananas.com\/myassociation962\/wp-content\/uploads\/sites\/280\/2019\/05\/Capture-d\u2019e\u0301cran-2019-05-02-a\u0300-19.20.56.jpg 261w, https:\/\/www.kananas.com\/myassociation962\/wp-content\/uploads\/sites\/280\/2019\/05\/Capture-d\u2019e\u0301cran-2019-05-02-a\u0300-19.20.56-154x300.jpg 154w\" sizes=\"auto, (max-width: 210px) 100vw, 210px\" \/>Un groupe de sept jeunes de 9 \u00e0 17 ans et deux \u00e9ducateurs, Samuil et St\u00e9phanie, sont partis aux Clarines du 23 f\u00e9vrier au 2 mars dans notre maison du Jura, \u00e0 Entre-deux-Monts.<\/p>\n<p style=\"text-align: justify\">Au programme\u00a0: du ski, de la luge, du bowling&#8230;<\/p>\n<p style=\"text-align: justify\">D\u00e8s notre arriv\u00e9e, chacun s&rsquo;est attribu\u00e9 un espace de vie pour s\u2019y installer confortablement.<\/p>\n<p style=\"text-align: justify\">Le lendemain, apr\u00e8s un r\u00e9veil matinal, nous avons rejoint les pistes de la station Les Rousses. Une belle d\u00e9couverte pour certains, mais un site connu de nos skieurs plus aguerris\u00a0! Des chutes, des pleurs, des rires ont rythm\u00e9 les trois premiers jours sous un superbe soleil\u00a0!<\/p>\n<p style=\"text-align: justify\">Nous avons poursuivi au bowling\u00a0; une d\u00e9couverte de plus pour certains, avec des \u00ab\u00a0pros\u00a0\u00bb et des \u00ab\u00a0moins pros\u00a0\u00bb, de beaux scores pour les premiers, plus modestes pour les autres\u2026<\/p>\n<p style=\"text-align: justify\">La fin de la semaine s&rsquo;est articul\u00e9e autour d&rsquo;une activit\u00e9 luge et d&rsquo;un restaurant afin de cl\u00f4turer le s\u00e9jour sur une note agr\u00e9able&#8230;<\/p>\n<p style=\"text-align: justify\">Samedi, jour de d\u00e9part, nous avons rassembl\u00e9 nos affaires, tout remis en ordre avant le retour \u00e0 la maison&#8230;<\/p>\n<p style=\"text-align: justify\">Cette semaine a \u00e9t\u00e9 source de d\u00e9couvertes, de rapprochements, et de nombreuses \u00e9motions&#8230;<\/p>\n<p>A bient\u00f4t Les Clarines&#8230;<\/p>\n<p style=\"text-align: right\">St\u00e9phanie Dos Santos, \u00e9ducatrice<\/p>\n<p>&nbsp;<\/p>\n","protected":false},"excerpt":{"rendered":"<p>Un groupe de sept jeunes de 9 \u00e0 17 ans et deux \u00e9ducateurs, Samuil et St\u00e9phanie, sont partis aux Clarines<\/p>\n","protected":false},"author":288,"featured_media":4270,"comment_status":"closed","ping_status":"closed","sticky":false,"template":"","format":"standard","meta":{"colormag_page_container_layout":"default_layout","colormag_page_sidebar_layout":"default_layout","_crdt_document":"","footnotes":""},"categories":[132,4],"tags":[],"class_list":["post-4268","post","type-post","status-publish","format-standard","has-post-thumbnail","hentry","category-la-lettre-n72","category-vie-des-maisons"],"_links":{"self":[{"href":"https:\/\/www.kananas.com\/myassociation962\/wp-json\/wp\/v2\/posts\/4268","targetHints":{"allow":["GET"]}}],"collection":[{"href":"https:\/\/www.kananas.com\/myassociation962\/wp-json\/wp\/v2\/posts"}],"about":[{"href":"https:\/\/www.kananas.com\/myassociation962\/wp-json\/wp\/v2\/types\/post"}],"author":[{"embeddable":true,"href":"https:\/\/www.kananas.com\/myassociation962\/wp-json\/wp\/v2\/users\/288"}],"replies":[{"embeddable":true,"href":"https:\/\/www.kananas.com\/myassociation962\/wp-json\/wp\/v2\/comments?post=4268"}],"version-history":[{"count":1,"href":"https:\/\/www.kananas.com\/myassociation962\/wp-json\/wp\/v2\/posts\/4268\/revisions"}],"predecessor-version":[{"id":4271,"href":"https:\/\/www.kananas.com\/myassociation962\/wp-json\/wp\/v2\/posts\/4268\/revisions\/4271"}],"wp:featuredmedia":[{"embeddable":true,"href":"https:\/\/www.kananas.com\/myassociation962\/wp-json\/wp\/v2\/media\/4270"}],"wp:attachment":[{"href":"https:\/\/www.kananas.com\/myassociation962\/wp-json\/wp\/v2\/media?parent=4268"}],"wp:term":[{"taxonomy":"category","embeddable":true,"href":"https:\/\/www.kananas.com\/myassociation962\/wp-json\/wp\/v2\/categories?post=4268"},{"taxonomy":"post_tag","embeddable":true,"href":"https:\/\/www.kananas.com\/myassociation962\/wp-json\/wp\/v2\/tags?post=4268"}],"curies":[{"name":"wp","href":"https:\/\/api.w.org\/{rel}","templated":true}]}}