{"id":4290,"date":"2019-06-05T18:22:40","date_gmt":"2019-06-05T16:22:40","guid":{"rendered":"http:\/\/www.kananas.com\/myassociation962\/?p=4290"},"modified":"2019-07-14T15:34:25","modified_gmt":"2019-07-14T13:34:25","slug":"maraude-avec-entraides-citoyennes","status":"publish","type":"post","link":"https:\/\/www.kananas.com\/myassociation962\/maraude-avec-entraides-citoyennes\/","title":{"rendered":"Maraude avec Entraides citoyennes"},"content":{"rendered":"<p style=\"text-align: justify\">En cette mi-mars, deux \u00e9ducateurs et trois jeunes de la maison Marie-Foilaine Desolneux ont rejoint, \u00e0 la Porte de la Chapelle, la responsable de l\u2019association <i>Entraides citoyennes<\/i> qui organise chaque semaine des maraudes dans les rues de Paris.<\/p>\n<p style=\"text-align: justify\">Nous sommes une vingtaine r\u00e9partis en plusieurs \u00e9quipes. Commence le triage des v\u00eatements, de la nourriture, la pr\u00e9paration des kits d\u2019hygi\u00e8ne. Quatre groupes de v\u00e9hicules empruntent diff\u00e9rents trajets, entre ceinture p\u00e9riph\u00e9rique o\u00f9 se regroupent les migrants et rues parisiennes abritant des centaines de sans logis.<\/p>\n<p style=\"text-align: justify\">Un habitu\u00e9 des maraudes nous accompagne pour la soir\u00e9e, avec deux v\u00e9hicules et tout le n\u00e9cessaire afin de r\u00e9pondre de mani\u00e8re \u00e9ph\u00e9m\u00e8re mais n\u00e9cessaire aux besoins de la rue.<\/p>\n<p style=\"text-align: justify\">Les quartiers explor\u00e9s se r\u00e9v\u00e8lent tous \u00ab\u00a0riches\u00a0\u00bb de mis\u00e8re. Les trois jeunes qui se port\u00e8rent volontaires sont parfaits, tant dans les gestes que les paroles, avec les vagabonds, s\u00e9dentaires de la rue, jeunes, vieux, hommes, femmes, couples.<\/p>\n<p style=\"text-align: justify\">Le d\u00e9but s\u2019av\u00e8re difficile pour l\u2019un d\u2019entre eux. Puis, rapidement, une aisance naturelle \u00e0 aller vers l\u2019autre s\u2019instaure. Le volontariat a bien toute sa place pour cette soir\u00e9e d\u2019action solidaire, o\u00f9 se m\u00ealent plaisir et s\u00e9rieux, dans une d\u00e9marche d\u00e9licate d\u2019entraide. Compassion, investissement, responsabilit\u00e9 sont les maitres mots pour qualifier l\u2019attitude de ces jeunes, parfaits dans leur r\u00f4le d\u2019humains tourn\u00e9s vers l\u2019autre.<\/p>\n<p>&nbsp;<\/p>\n<p style=\"text-align: right\">Denis BARON, Educateur sp\u00e9cialis\u00e9<\/p>\n","protected":false},"excerpt":{"rendered":"<p>En cette mi-mars, deux \u00e9ducateurs et trois jeunes de la maison Marie-Foilaine Desolneux ont rejoint, \u00e0 la Porte de la<\/p>\n","protected":false},"author":288,"featured_media":4291,"comment_status":"closed","ping_status":"closed","sticky":false,"template":"","format":"standard","meta":{"colormag_page_container_layout":"default_layout","colormag_page_sidebar_layout":"default_layout","_crdt_document":"","footnotes":""},"categories":[132,4],"tags":[71],"class_list":["post-4290","post","type-post","status-publish","format-standard","has-post-thumbnail","hentry","category-la-lettre-n72","category-vie-des-maisons","tag-denis-baron"],"_links":{"self":[{"href":"https:\/\/www.kananas.com\/myassociation962\/wp-json\/wp\/v2\/posts\/4290","targetHints":{"allow":["GET"]}}],"collection":[{"href":"https:\/\/www.kananas.com\/myassociation962\/wp-json\/wp\/v2\/posts"}],"about":[{"href":"https:\/\/www.kananas.com\/myassociation962\/wp-json\/wp\/v2\/types\/post"}],"author":[{"embeddable":true,"href":"https:\/\/www.kananas.com\/myassociation962\/wp-json\/wp\/v2\/users\/288"}],"replies":[{"embeddable":true,"href":"https:\/\/www.kananas.com\/myassociation962\/wp-json\/wp\/v2\/comments?post=4290"}],"version-history":[{"count":3,"href":"https:\/\/www.kananas.com\/myassociation962\/wp-json\/wp\/v2\/posts\/4290\/revisions"}],"predecessor-version":[{"id":4294,"href":"https:\/\/www.kananas.com\/myassociation962\/wp-json\/wp\/v2\/posts\/4290\/revisions\/4294"}],"wp:featuredmedia":[{"embeddable":true,"href":"https:\/\/www.kananas.com\/myassociation962\/wp-json\/wp\/v2\/media\/4291"}],"wp:attachment":[{"href":"https:\/\/www.kananas.com\/myassociation962\/wp-json\/wp\/v2\/media?parent=4290"}],"wp:term":[{"taxonomy":"category","embeddable":true,"href":"https:\/\/www.kananas.com\/myassociation962\/wp-json\/wp\/v2\/categories?post=4290"},{"taxonomy":"post_tag","embeddable":true,"href":"https:\/\/www.kananas.com\/myassociation962\/wp-json\/wp\/v2\/tags?post=4290"}],"curies":[{"name":"wp","href":"https:\/\/api.w.org\/{rel}","templated":true}]}}