{"id":4687,"date":"2019-09-22T12:52:10","date_gmt":"2019-09-22T10:52:10","guid":{"rendered":"http:\/\/www.kananas.com\/myassociation962\/?p=4687"},"modified":"2019-10-23T18:06:50","modified_gmt":"2019-10-23T16:06:50","slug":"bonne-chance-blanche","status":"publish","type":"post","link":"https:\/\/www.kananas.com\/myassociation962\/bonne-chance-blanche\/","title":{"rendered":"Bonne chance, Blanche !"},"content":{"rendered":"<p style=\"text-align: justify\">Une page se tourne pour Blanche N. accueillie au sein de notre association depuis 9 ans ; d\u2019abord dans la maison Marie-Foilaine Desolneux puis au M\u00e9tadap. Apr\u00e8s un parcours sem\u00e9 d\u2019embuches et un quotidien pas toujours simple, Blanche a su faire les efforts n\u00e9cessaires pour s\u2019en sortir, bien accompagn\u00e9e par ses \u00e9ducateurs. A l\u2019occasion de son d\u00e9part en famille d\u2019accueil, une petite f\u00eate a \u00e9t\u00e9 organis\u00e9e en son honneur. Ce fut l\u2019occasion d\u2019inviter quelques personnes qui ont compt\u00e9 pour elle tout au long de son parcours comme Kader Akbal ou Rachel Emonot. Un moment fort en \u00e9motion en compagnie des \u00e9ducateurs, coordinateurs et jeunes de la maison de Vauquelin.<\/p>\n<p style=\"text-align: justify\">Blanche, nous ne t\u2019oublierons pas et te souhaitons bonne chance dans ta nouvelle vie.<\/p>\n<p style=\"text-align: right\">Toufik Oukaci, <i>directeur du METADAP<\/i><\/p>\n","protected":false},"excerpt":{"rendered":"<p>Une page se tourne pour Blanche N. accueillie au sein de notre association depuis 9 ans ; d\u2019abord dans la<\/p>\n","protected":false},"author":288,"featured_media":4688,"comment_status":"closed","ping_status":"closed","sticky":false,"template":"","format":"standard","meta":{"colormag_page_container_layout":"default_layout","colormag_page_sidebar_layout":"default_layout","_crdt_document":"","footnotes":""},"categories":[132,5],"tags":[136],"class_list":["post-4687","post","type-post","status-publish","format-standard","has-post-thumbnail","hentry","category-la-lettre-n72","category-vie-de-lassociation","tag-toufik-oukaci"],"_links":{"self":[{"href":"https:\/\/www.kananas.com\/myassociation962\/wp-json\/wp\/v2\/posts\/4687","targetHints":{"allow":["GET"]}}],"collection":[{"href":"https:\/\/www.kananas.com\/myassociation962\/wp-json\/wp\/v2\/posts"}],"about":[{"href":"https:\/\/www.kananas.com\/myassociation962\/wp-json\/wp\/v2\/types\/post"}],"author":[{"embeddable":true,"href":"https:\/\/www.kananas.com\/myassociation962\/wp-json\/wp\/v2\/users\/288"}],"replies":[{"embeddable":true,"href":"https:\/\/www.kananas.com\/myassociation962\/wp-json\/wp\/v2\/comments?post=4687"}],"version-history":[{"count":1,"href":"https:\/\/www.kananas.com\/myassociation962\/wp-json\/wp\/v2\/posts\/4687\/revisions"}],"predecessor-version":[{"id":4689,"href":"https:\/\/www.kananas.com\/myassociation962\/wp-json\/wp\/v2\/posts\/4687\/revisions\/4689"}],"wp:featuredmedia":[{"embeddable":true,"href":"https:\/\/www.kananas.com\/myassociation962\/wp-json\/wp\/v2\/media\/4688"}],"wp:attachment":[{"href":"https:\/\/www.kananas.com\/myassociation962\/wp-json\/wp\/v2\/media?parent=4687"}],"wp:term":[{"taxonomy":"category","embeddable":true,"href":"https:\/\/www.kananas.com\/myassociation962\/wp-json\/wp\/v2\/categories?post=4687"},{"taxonomy":"post_tag","embeddable":true,"href":"https:\/\/www.kananas.com\/myassociation962\/wp-json\/wp\/v2\/tags?post=4687"}],"curies":[{"name":"wp","href":"https:\/\/api.w.org\/{rel}","templated":true}]}}