{"id":4697,"date":"2019-09-11T18:30:52","date_gmt":"2019-09-11T16:30:52","guid":{"rendered":"http:\/\/www.kananas.com\/myassociation962\/?p=4697"},"modified":"2019-10-23T18:24:07","modified_gmt":"2019-10-23T16:24:07","slug":"des-diplomes-a-lhonneur","status":"publish","type":"post","link":"https:\/\/www.kananas.com\/myassociation962\/des-diplomes-a-lhonneur\/","title":{"rendered":"Des dipl\u00f4m\u00e9s \u00e0 l\u2019honneur"},"content":{"rendered":"<p>Comme chaque ann\u00e9e, et maintenant depuis six ans, la c\u00e9r\u00e9monie de remise des m\u00e9dailles \u00ab Concorde \u00bb aux dipl\u00f4m\u00e9s scolaires a eu lieu le mardi 11 septembre 2019 \u00e0 18 h 30, au restaurant \u00ab L\u2019Atelier \u00bb, sous la pr\u00e9sidence de Monsieur Junqua.<\/p>\n<p>Pour les jeunes, c\u2019est un moment privil\u00e9gi\u00e9 qui salue le travail de l\u2019ann\u00e9e pr\u00e9c\u00e9dente et les efforts fournis. Des membres du Conseil d\u2019Administration \u00e9taient pr\u00e9sents pour les saluer et les encourager.<\/p>\n<p>Trente-cinq d\u2019entre eux ont \u00e9t\u00e9 mis \u00e0 l\u2019honneur, tous accompagn\u00e9s par leur \u00e9ducateur r\u00e9f\u00e9rent. Les m\u00e9dailles d\u00e9cern\u00e9es r\u00e9compensent :<\/p>\n<p>&#8211; 13 Brevets et Certificats de Formation G\u00e9n\u00e9rale<\/p>\n<p>&#8211; 2 Certificats d\u2019Aptitude Professionnel Agricole<\/p>\n<p>&#8211; 12 CAP et BEP<\/p>\n<p>&#8211; 7 BACS dont 4 avec mention<\/p>\n<p>&#8211; 1 BTS<\/p>\n<p style=\"text-align: justify\">Cette c\u00e9r\u00e9monie a \u00e9t\u00e9 un vrai moment de convivialit\u00e9, de partage avant d\u2019entamer une nouvelle ann\u00e9e scolaire qui promet d\u2019\u00eatre aussi dense que les pr\u00e9c\u00e9dentes.<\/p>\n<p style=\"text-align: justify\">Ce fut aussi occasion de remercier tous les acteurs qui ont oeuvr\u00e9 pour que le jubil\u00e9 de Concorde soit une parfaite r\u00e9ussite. Ainsi, des m\u00e9dailles ont \u00e9t\u00e9 d\u00e9cern\u00e9es, d\u2019une part, \u00e0 des membres du Conseil d\u2019Administration, et d\u2019autre part, aux salari\u00e9s.<\/p>\n<p style=\"text-align: justify\">Sans nommer tout le monde, des remerciements particuliers aux administrateurs qui n\u2019ont pas compt\u00e9 leur temps :<\/p>\n<p>&#8211; Monsieur Claude Chirouse, co-fondateur<\/p>\n<p>&#8211; Madame Ma\u00eft\u00e9 Melchior-Griff\u00e9<\/p>\n<p>&#8211; Madame Sylvie Doudet<\/p>\n<p>&#8211; Monsieur Pierre Girault<\/p>\n<p>&#8211; Monsieur Jacques Carton<\/p>\n<p>&#8211; Monsieur Bernard Moulin<\/p>\n<p>&#8211; Et bien entendu, notre Pr\u00e9sident, Monsieur Alain Junqua<\/p>\n<p>&nbsp;<\/p>\n<p>Un grand MERCI aux \u00e9ducateurs, services techniques, services g\u00e9n\u00e9raux, cadres, pour leur pr\u00e9cieuse aide, leur engagement associatif et leur d\u00e9vouement au service des jeunes.<\/p>\n<p>&nbsp;<\/p>\n<p style=\"text-align: right\">Florence Mazerat, <i>directrice G\u00e9n\u00e9rale<\/i><\/p>\n","protected":false},"excerpt":{"rendered":"<p>Comme chaque ann\u00e9e, et maintenant depuis six ans, la c\u00e9r\u00e9monie de remise des m\u00e9dailles \u00ab Concorde \u00bb aux dipl\u00f4m\u00e9s scolaires<\/p>\n","protected":false},"author":288,"featured_media":4698,"comment_status":"closed","ping_status":"closed","sticky":false,"template":"","format":"standard","meta":{"colormag_page_container_layout":"default_layout","colormag_page_sidebar_layout":"default_layout","footnotes":""},"categories":[132,5],"tags":[59],"class_list":["post-4697","post","type-post","status-publish","format-standard","has-post-thumbnail","hentry","category-la-lettre-n72","category-vie-de-lassociation","tag-florence-mazerat"],"_links":{"self":[{"href":"https:\/\/www.kananas.com\/myassociation962\/wp-json\/wp\/v2\/posts\/4697","targetHints":{"allow":["GET"]}}],"collection":[{"href":"https:\/\/www.kananas.com\/myassociation962\/wp-json\/wp\/v2\/posts"}],"about":[{"href":"https:\/\/www.kananas.com\/myassociation962\/wp-json\/wp\/v2\/types\/post"}],"author":[{"embeddable":true,"href":"https:\/\/www.kananas.com\/myassociation962\/wp-json\/wp\/v2\/users\/288"}],"replies":[{"embeddable":true,"href":"https:\/\/www.kananas.com\/myassociation962\/wp-json\/wp\/v2\/comments?post=4697"}],"version-history":[{"count":2,"href":"https:\/\/www.kananas.com\/myassociation962\/wp-json\/wp\/v2\/posts\/4697\/revisions"}],"predecessor-version":[{"id":4706,"href":"https:\/\/www.kananas.com\/myassociation962\/wp-json\/wp\/v2\/posts\/4697\/revisions\/4706"}],"wp:featuredmedia":[{"embeddable":true,"href":"https:\/\/www.kananas.com\/myassociation962\/wp-json\/wp\/v2\/media\/4698"}],"wp:attachment":[{"href":"https:\/\/www.kananas.com\/myassociation962\/wp-json\/wp\/v2\/media?parent=4697"}],"wp:term":[{"taxonomy":"category","embeddable":true,"href":"https:\/\/www.kananas.com\/myassociation962\/wp-json\/wp\/v2\/categories?post=4697"},{"taxonomy":"post_tag","embeddable":true,"href":"https:\/\/www.kananas.com\/myassociation962\/wp-json\/wp\/v2\/tags?post=4697"}],"curies":[{"name":"wp","href":"https:\/\/api.w.org\/{rel}","templated":true}]}}