{"id":4721,"date":"2019-07-25T20:59:44","date_gmt":"2019-07-25T18:59:44","guid":{"rendered":"http:\/\/www.kananas.com\/myassociation962\/?p=4721"},"modified":"2019-10-25T21:02:55","modified_gmt":"2019-10-25T19:02:55","slug":"plein-ouest-pour-les-jeunes-du-metadap","status":"publish","type":"post","link":"https:\/\/www.kananas.com\/myassociation962\/plein-ouest-pour-les-jeunes-du-metadap\/","title":{"rendered":"Plein ouest pour les jeunes du METADAP"},"content":{"rendered":"<p style=\"text-align: justify\">Cette ann\u00e9e les s\u00e9jours du METADAP (service sp\u00e9cialis\u00e9 en mini-collectifs) se sont orient\u00e9s vers les c\u00f4tes de l\u2019ouest de la France. Les jeunes ont particip\u00e9 activement \u00e0 la conception et \u00e0 la pr\u00e9paration des projets de d\u00e9couverte de r\u00e9gions telles que la Vend\u00e9e, la Normandie ou les Charentes Maritimes.<\/p>\n<p style=\"text-align: justify\">Certains ont pu d\u00e9couvrir pour la premi\u00e8re fois des activit\u00e9s telles que le catamaran, la p\u00eache \u00e0 la ligne et au seau, profiter de longues balades le long des plages ou encore visiter des d\u2019\u00eeles et des monuments c\u00e9l\u00e8bres vus jusqu\u2019alors uniquement \u00e0 la t\u00e9l\u00e9vision, comme Fort Boyard. Les plus courageux se sont laiss\u00e9s tenter par la d\u00e9couverte de mets r\u00e9gionaux atypiques tels que les hu\u00eetres et autres fruits de mer ainsi que la salicorne.<\/p>\n<p style=\"text-align: justify\">Ces moments conviviaux ont permis aux jeunes de resserrer leur lien et d\u00e9couvrir une autre facette de l\u2019\u00e9quipe \u00e9ducative. Ce qui facilite les rapports et les relations de confiance dans notre travail d\u2019accompagnement au quotidien aupr\u00e8s d\u2019eux.<\/p>\n<p style=\"text-align: right\">Jacques Jouana, <i>coordinateur<\/i><\/p>\n","protected":false},"excerpt":{"rendered":"<p>Cette ann\u00e9e les s\u00e9jours du METADAP (service sp\u00e9cialis\u00e9 en mini-collectifs) se sont orient\u00e9s vers les c\u00f4tes de l\u2019ouest de la<\/p>\n","protected":false},"author":288,"featured_media":4723,"comment_status":"closed","ping_status":"closed","sticky":false,"template":"","format":"standard","meta":{"colormag_page_container_layout":"default_layout","colormag_page_sidebar_layout":"default_layout","_crdt_document":"","footnotes":""},"categories":[132,4],"tags":[140],"class_list":["post-4721","post","type-post","status-publish","format-standard","has-post-thumbnail","hentry","category-la-lettre-n72","category-vie-des-maisons","tag-jacques-jouana"],"_links":{"self":[{"href":"https:\/\/www.kananas.com\/myassociation962\/wp-json\/wp\/v2\/posts\/4721","targetHints":{"allow":["GET"]}}],"collection":[{"href":"https:\/\/www.kananas.com\/myassociation962\/wp-json\/wp\/v2\/posts"}],"about":[{"href":"https:\/\/www.kananas.com\/myassociation962\/wp-json\/wp\/v2\/types\/post"}],"author":[{"embeddable":true,"href":"https:\/\/www.kananas.com\/myassociation962\/wp-json\/wp\/v2\/users\/288"}],"replies":[{"embeddable":true,"href":"https:\/\/www.kananas.com\/myassociation962\/wp-json\/wp\/v2\/comments?post=4721"}],"version-history":[{"count":1,"href":"https:\/\/www.kananas.com\/myassociation962\/wp-json\/wp\/v2\/posts\/4721\/revisions"}],"predecessor-version":[{"id":4722,"href":"https:\/\/www.kananas.com\/myassociation962\/wp-json\/wp\/v2\/posts\/4721\/revisions\/4722"}],"wp:featuredmedia":[{"embeddable":true,"href":"https:\/\/www.kananas.com\/myassociation962\/wp-json\/wp\/v2\/media\/4723"}],"wp:attachment":[{"href":"https:\/\/www.kananas.com\/myassociation962\/wp-json\/wp\/v2\/media?parent=4721"}],"wp:term":[{"taxonomy":"category","embeddable":true,"href":"https:\/\/www.kananas.com\/myassociation962\/wp-json\/wp\/v2\/categories?post=4721"},{"taxonomy":"post_tag","embeddable":true,"href":"https:\/\/www.kananas.com\/myassociation962\/wp-json\/wp\/v2\/tags?post=4721"}],"curies":[{"name":"wp","href":"https:\/\/api.w.org\/{rel}","templated":true}]}}