{"id":4745,"date":"2019-09-28T09:54:49","date_gmt":"2019-09-28T07:54:49","guid":{"rendered":"http:\/\/www.kananas.com\/myassociation962\/?p=4745"},"modified":"2019-12-06T10:03:29","modified_gmt":"2019-12-06T09:03:29","slug":"nettoyer-la-nature","status":"publish","type":"post","link":"https:\/\/www.kananas.com\/myassociation962\/nettoyer-la-nature\/","title":{"rendered":"Nettoyer la nature"},"content":{"rendered":"<p style=\"text-align: justify\">Le samedi 28 septembre 2019, en partenariat avec la Maison de la nature de Coubron, neuf jeunes de la maison Marie-Foilaine Desolneux ont particip\u00e9 \u00e0 un nettoyage de la nature. C\u2019est action importante, qui permet de faire un geste en faveur de l\u2019environnement, a rencontr\u00e9 un vif int\u00e9r\u00eat. Le groupe de jeunes a su apporter sa contribution directe \u00e0 la pr\u00e9servation de l\u2019environnement.<\/p>\n<p style=\"text-align: justify\">Ces quelques heures dans les champs ou la for\u00eat ont aussi permis d\u2019am\u00e9liorer leurs connaissances sur la biodiversit\u00e9\u00a0: sentir du ch\u00e8vrefeuille, trouver des champignons ou des araign\u00e9es&#8230;<\/p>\n<p style=\"text-align: justify\">C\u2019\u00e9tait aussi un moment o\u00f9 jeunes et adultes ont partag\u00e9 des instants de complicit\u00e9 et d\u2019entraide.<\/p>\n<p>&nbsp;<\/p>\n<p style=\"text-align: right\">Sandra DENOS<\/p>\n<p style=\"text-align: right\">Educatrice<\/p>\n","protected":false},"excerpt":{"rendered":"<p>Le samedi 28 septembre 2019, en partenariat avec la Maison de la nature de Coubron, neuf jeunes de la maison<\/p>\n","protected":false},"author":288,"featured_media":4746,"comment_status":"closed","ping_status":"closed","sticky":false,"template":"","format":"standard","meta":{"colormag_page_container_layout":"default_layout","colormag_page_sidebar_layout":"default_layout","_crdt_document":"","footnotes":""},"categories":[137,4],"tags":[148],"class_list":["post-4745","post","type-post","status-publish","format-standard","has-post-thumbnail","hentry","category-la-lattre-n73","category-vie-des-maisons","tag-sandra-denos"],"_links":{"self":[{"href":"https:\/\/www.kananas.com\/myassociation962\/wp-json\/wp\/v2\/posts\/4745","targetHints":{"allow":["GET"]}}],"collection":[{"href":"https:\/\/www.kananas.com\/myassociation962\/wp-json\/wp\/v2\/posts"}],"about":[{"href":"https:\/\/www.kananas.com\/myassociation962\/wp-json\/wp\/v2\/types\/post"}],"author":[{"embeddable":true,"href":"https:\/\/www.kananas.com\/myassociation962\/wp-json\/wp\/v2\/users\/288"}],"replies":[{"embeddable":true,"href":"https:\/\/www.kananas.com\/myassociation962\/wp-json\/wp\/v2\/comments?post=4745"}],"version-history":[{"count":2,"href":"https:\/\/www.kananas.com\/myassociation962\/wp-json\/wp\/v2\/posts\/4745\/revisions"}],"predecessor-version":[{"id":4748,"href":"https:\/\/www.kananas.com\/myassociation962\/wp-json\/wp\/v2\/posts\/4745\/revisions\/4748"}],"wp:featuredmedia":[{"embeddable":true,"href":"https:\/\/www.kananas.com\/myassociation962\/wp-json\/wp\/v2\/media\/4746"}],"wp:attachment":[{"href":"https:\/\/www.kananas.com\/myassociation962\/wp-json\/wp\/v2\/media?parent=4745"}],"wp:term":[{"taxonomy":"category","embeddable":true,"href":"https:\/\/www.kananas.com\/myassociation962\/wp-json\/wp\/v2\/categories?post=4745"},{"taxonomy":"post_tag","embeddable":true,"href":"https:\/\/www.kananas.com\/myassociation962\/wp-json\/wp\/v2\/tags?post=4745"}],"curies":[{"name":"wp","href":"https:\/\/api.w.org\/{rel}","templated":true}]}}