{"id":4938,"date":"2020-01-30T10:59:16","date_gmt":"2020-01-30T09:59:16","guid":{"rendered":"http:\/\/www.kananas.com\/myassociation962\/?p=4938"},"modified":"2020-03-09T11:13:24","modified_gmt":"2020-03-09T10:13:24","slug":"formation-gestion-de-la-violence-niveau-2","status":"publish","type":"post","link":"https:\/\/www.kananas.com\/myassociation962\/formation-gestion-de-la-violence-niveau-2\/","title":{"rendered":"Formation \u00ab Gestion de la violence \u00bb niveau 2"},"content":{"rendered":"<p style=\"text-align: justify\"><img loading=\"lazy\" decoding=\"async\" class=\"wp-image-4942 alignleft\" src=\"http:\/\/www.kananas.com\/myassociation962\/wp-content\/uploads\/sites\/280\/2020\/01\/158.png\" alt=\"\" width=\"718\" height=\"438\" srcset=\"https:\/\/www.kananas.com\/myassociation962\/wp-content\/uploads\/sites\/280\/2020\/01\/158.png 1829w, https:\/\/www.kananas.com\/myassociation962\/wp-content\/uploads\/sites\/280\/2020\/01\/158-300x183.png 300w, https:\/\/www.kananas.com\/myassociation962\/wp-content\/uploads\/sites\/280\/2020\/01\/158-1024x625.png 1024w, https:\/\/www.kananas.com\/myassociation962\/wp-content\/uploads\/sites\/280\/2020\/01\/158-768x469.png 768w, https:\/\/www.kananas.com\/myassociation962\/wp-content\/uploads\/sites\/280\/2020\/01\/158-1536x937.png 1536w\" sizes=\"auto, (max-width: 718px) 100vw, 718px\" \/>Mai 2018\u00a0: un groupe (\u00e9ducateurs, secr\u00e9taires, comptables, cadres) est constitu\u00e9 pour participer \u00e0 une formation se d\u00e9roulant dans une salle \u00e0 Montfermeil. Il faut y venir en jogging et nous ne savons pas \u00e0 quoi nous attendre\u00a0! Comment \u00e7a va se passer et puis nous ne nous connaissons pas\u2026 il y aura des tatamis\u2026 \u00ab\u00a0Il faut se rouler par terre\u00a0!\u00a0\u00bb, pas envie d\u2019y aller finalement\u00a0!<\/p>\n<p style=\"text-align: justify\">Atmosph\u00e8re d\u00e9tendue, la connexion se fait dans le groupe sans compter la bienveillance de notre formatrice, Nathalie\u00a0! Nous rencontrons des difficult\u00e9s \u00e0 nous quitter\u00a0! Nous ne parvenons pas \u00e0 mettre des mots sur ce que nous venons de vivre\u2026. Nous sommes heureux\u00a0!<\/p>\n<p style=\"text-align: justify\">Novembre 2019\u00a0: niveau 2 de cette m\u00eame formation\u00a0! Une joie immense de nous retrouver et nous \u00ab\u00a0blottir\u00a0\u00bb dans notre bulle durant 4 jours. Des apprentissages, des \u00e9changes, du partage, des rires, une intensit\u00e9 que nous ne parvenons toujours pas \u00e0 nous expliquer mais on s\u2019en moque car nous sommes tellement bien tous ensembles\u00a0! Un principe, ce qui se passe dans la salle reste dans la salle.<\/p>\n<p style=\"text-align: justify\">Une seule h\u00e2te, nous retrouver en 2021 pour le niveau 3\u2026..<\/p>\n<p style=\"text-align: right\">C\u00e9cile JOUBAIRE<\/p>\n<p style=\"text-align: right\">Cheffe de Service Educatif Gagny 1<\/p>\n","protected":false},"excerpt":{"rendered":"<p>Mai 2018\u00a0: un groupe (\u00e9ducateurs, secr\u00e9taires, comptables, cadres) est constitu\u00e9 pour participer \u00e0 une formation se d\u00e9roulant dans une salle<\/p>\n","protected":false},"author":288,"featured_media":4939,"comment_status":"closed","ping_status":"closed","sticky":false,"template":"","format":"standard","meta":{"colormag_page_container_layout":"default_layout","colormag_page_sidebar_layout":"default_layout","_crdt_document":"","footnotes":""},"categories":[137,5],"tags":[150],"class_list":["post-4938","post","type-post","status-publish","format-standard","has-post-thumbnail","hentry","category-la-lattre-n73","category-vie-de-lassociation","tag-cecile-joubaire"],"_links":{"self":[{"href":"https:\/\/www.kananas.com\/myassociation962\/wp-json\/wp\/v2\/posts\/4938","targetHints":{"allow":["GET"]}}],"collection":[{"href":"https:\/\/www.kananas.com\/myassociation962\/wp-json\/wp\/v2\/posts"}],"about":[{"href":"https:\/\/www.kananas.com\/myassociation962\/wp-json\/wp\/v2\/types\/post"}],"author":[{"embeddable":true,"href":"https:\/\/www.kananas.com\/myassociation962\/wp-json\/wp\/v2\/users\/288"}],"replies":[{"embeddable":true,"href":"https:\/\/www.kananas.com\/myassociation962\/wp-json\/wp\/v2\/comments?post=4938"}],"version-history":[{"count":3,"href":"https:\/\/www.kananas.com\/myassociation962\/wp-json\/wp\/v2\/posts\/4938\/revisions"}],"predecessor-version":[{"id":4946,"href":"https:\/\/www.kananas.com\/myassociation962\/wp-json\/wp\/v2\/posts\/4938\/revisions\/4946"}],"wp:featuredmedia":[{"embeddable":true,"href":"https:\/\/www.kananas.com\/myassociation962\/wp-json\/wp\/v2\/media\/4939"}],"wp:attachment":[{"href":"https:\/\/www.kananas.com\/myassociation962\/wp-json\/wp\/v2\/media?parent=4938"}],"wp:term":[{"taxonomy":"category","embeddable":true,"href":"https:\/\/www.kananas.com\/myassociation962\/wp-json\/wp\/v2\/categories?post=4938"},{"taxonomy":"post_tag","embeddable":true,"href":"https:\/\/www.kananas.com\/myassociation962\/wp-json\/wp\/v2\/tags?post=4938"}],"curies":[{"name":"wp","href":"https:\/\/api.w.org\/{rel}","templated":true}]}}