{"id":5017,"date":"2020-05-12T09:26:21","date_gmt":"2020-05-12T07:26:21","guid":{"rendered":"http:\/\/www.kananas.com\/myassociation962\/?p=5017"},"modified":"2020-05-13T14:42:19","modified_gmt":"2020-05-13T12:42:19","slug":"intervention-de-m-alain-junqua-president-du-conseil-dadministration","status":"publish","type":"post","link":"https:\/\/www.kananas.com\/myassociation962\/intervention-de-m-alain-junqua-president-du-conseil-dadministration\/","title":{"rendered":"Intervention de M. Alain Junqua, pr\u00e9sident du conseil d\u2019administration"},"content":{"rendered":"<p style=\"text-align: justify\">Sylvain nous a quitt\u00e9s samedi 2 mai, entour\u00e9 des siens, apr\u00e8s une ultime visite de Florence, Yann et Philippe* comme un dernier au-revoir douloureux mais affectueux.<\/p>\n<p style=\"text-align: justify\">Il est parti apr\u00e8s un long, digne et courageux combat contre la maladie, dont nous osions croire, m\u00eame si l&rsquo;espoir pouvait appara\u00eetre raisonnablement illusoire, qu&rsquo;il parviendrait une fois encore \u00e0 la surmonter.<\/p>\n<p style=\"text-align: justify\">C&rsquo;est avec une infinie tristesse que tous ceux qui l&rsquo;ont c\u00f4toy\u00e9 \u00e0 Concorde, qui ont travaill\u00e9 avec lui, depuis septembre 1993, date de son entr\u00e9e dans l\u2019association, ont aussit\u00f4t ressenti l&rsquo;absence de celui qui \u00e9tait le plus ancien de nos directeurs.<\/p>\n<p style=\"text-align: justify\">Sylvain a fait l\u2019essentiel de sa carri\u00e8re au sein de la Maison Chevreul \u00e0 Montfermeil jusqu&rsquo;\u00e0 en devenir son directeur. Sa d\u00e9licatesse et sa douceur envers les enfants qui lui \u00e9taient confi\u00e9s, sa constante bonne humeur, sa jovialit\u00e9 communicative, son sens de l&rsquo;humour n&rsquo;excluaient pas l&rsquo;autorit\u00e9 n\u00e9cessaire dont il savait faire preuve avec mesure et discernement.<\/p>\n<p style=\"text-align: justify\">J&rsquo;ai pu personnellement constater combien il aimait son m\u00e9tier et, au-del\u00e0 de cet aspect, l&rsquo;attachement qu&rsquo;il portait aux jeunes sans exclusive.<\/p>\n<p style=\"text-align: justify\">Il \u00e9tait reconnu par tous comme un professionnel de qualit\u00e9, disponible et attentif, solidaire et complaisant.<\/p>\n<p style=\"text-align: justify\">Il avait toute ma confiance et celle du conseil d&rsquo;administration de l\u2019AEPC. J&rsquo;en veux pour preuve les nombreux messages que les administrateurs ont adress\u00e9s ces derniers jours \u00e0 Florence. Tous y ont exprim\u00e9 leur peine.<\/p>\n<p style=\"text-align: justify\">\u00ab\u00a0<i>Rien de grand ne se fait sans passion<\/i>\u00a0\u00bb disait le philosophe allemand HEGEL.<\/p>\n<p style=\"text-align: justify\">Sylvain \u00e9tait pr\u00e9cis\u00e9ment un passionn\u00e9 et nous l&rsquo;aimions ainsi.<\/p>\n<p style=\"text-align: justify\">En cet instant, nos pens\u00e9es communes \u00e0 tous vont vers lui et nous l&rsquo;accompagnons avec son \u00e9pouse et ses enfants dans la solitude et la tristesse du d\u00e9part mais aussi pour certains d&rsquo;entre nous dans l\u2019esp\u00e9rance.<\/p>\n<p>&nbsp;<\/p>\n<p>* Florence Mazerat, directrice g\u00e9n\u00e9rale, Yann Chatelin, directeur g\u00e9n\u00e9ral adjoint, Philippe Allard, longtemps co\u00e9quipier de Sylvain \u00e0 Chevreul.<\/p>\n","protected":false},"excerpt":{"rendered":"<p>Sylvain nous a quitt\u00e9s samedi 2 mai, entour\u00e9 des siens, apr\u00e8s une ultime visite de Florence, Yann et Philippe* comme<\/p>\n","protected":false},"author":288,"featured_media":5012,"comment_status":"closed","ping_status":"closed","sticky":false,"template":"","format":"standard","meta":{"colormag_page_container_layout":"default_layout","colormag_page_sidebar_layout":"default_layout","_crdt_document":"","footnotes":""},"categories":[153,5],"tags":[58],"class_list":["post-5017","post","type-post","status-publish","format-standard","has-post-thumbnail","hentry","category-la-lettre-n74","category-vie-de-lassociation","tag-alain-junqua"],"_links":{"self":[{"href":"https:\/\/www.kananas.com\/myassociation962\/wp-json\/wp\/v2\/posts\/5017","targetHints":{"allow":["GET"]}}],"collection":[{"href":"https:\/\/www.kananas.com\/myassociation962\/wp-json\/wp\/v2\/posts"}],"about":[{"href":"https:\/\/www.kananas.com\/myassociation962\/wp-json\/wp\/v2\/types\/post"}],"author":[{"embeddable":true,"href":"https:\/\/www.kananas.com\/myassociation962\/wp-json\/wp\/v2\/users\/288"}],"replies":[{"embeddable":true,"href":"https:\/\/www.kananas.com\/myassociation962\/wp-json\/wp\/v2\/comments?post=5017"}],"version-history":[{"count":1,"href":"https:\/\/www.kananas.com\/myassociation962\/wp-json\/wp\/v2\/posts\/5017\/revisions"}],"predecessor-version":[{"id":5018,"href":"https:\/\/www.kananas.com\/myassociation962\/wp-json\/wp\/v2\/posts\/5017\/revisions\/5018"}],"wp:featuredmedia":[{"embeddable":true,"href":"https:\/\/www.kananas.com\/myassociation962\/wp-json\/wp\/v2\/media\/5012"}],"wp:attachment":[{"href":"https:\/\/www.kananas.com\/myassociation962\/wp-json\/wp\/v2\/media?parent=5017"}],"wp:term":[{"taxonomy":"category","embeddable":true,"href":"https:\/\/www.kananas.com\/myassociation962\/wp-json\/wp\/v2\/categories?post=5017"},{"taxonomy":"post_tag","embeddable":true,"href":"https:\/\/www.kananas.com\/myassociation962\/wp-json\/wp\/v2\/tags?post=5017"}],"curies":[{"name":"wp","href":"https:\/\/api.w.org\/{rel}","templated":true}]}}