{"id":5020,"date":"2020-05-12T09:34:03","date_gmt":"2020-05-12T07:34:03","guid":{"rendered":"http:\/\/www.kananas.com\/myassociation962\/?p=5020"},"modified":"2020-05-13T14:41:41","modified_gmt":"2020-05-13T12:41:41","slug":"obseques-de-sylvain-lesueur-directeur-de-la-maison-chevreul","status":"publish","type":"post","link":"https:\/\/www.kananas.com\/myassociation962\/obseques-de-sylvain-lesueur-directeur-de-la-maison-chevreul\/","title":{"rendered":"Obs\u00e8ques de Sylvain Lesueur, directeur de la maison Chevreul"},"content":{"rendered":"<p><b>Lundi 11 mai 2020, se sont d\u00e9roul\u00e9es les obs\u00e8ques de Sylvain Lesueur, directeur de la maison Chevreul. Autour de la famille, confinement oblige, seuls quelques repr\u00e9sentants de Concorde ont pu assister \u00e0 l\u2019\u00e9glise Notre-Dame de Lourdes des Coudreaux \u00e0 la b\u00e9n\u00e9diction conduite par Bernard Moulin, diacre et vice-pr\u00e9sident de Concorde. Alain Junqua, pr\u00e9sident du Conseil d\u2019administration, dans l\u2019impossibilit\u00e9 d\u2019\u00eatre pr\u00e9sent en raison de son \u00e9loignement de Montfermeil et des r\u00e8gles actuelles de circulation avait r\u00e9dig\u00e9 une intervention lue par Pierre Girault, vice-pr\u00e9sident. Florence Mazerat, Directrice g\u00e9n\u00e9rale a port\u00e9 la parole des personnels de l\u2019association.<\/b><\/p>\n","protected":false},"excerpt":{"rendered":"<p>Lundi 11 mai 2020, se sont d\u00e9roul\u00e9es les obs\u00e8ques de Sylvain Lesueur, directeur de la maison Chevreul. Autour de la<\/p>\n","protected":false},"author":288,"featured_media":5012,"comment_status":"closed","ping_status":"closed","sticky":false,"template":"","format":"standard","meta":{"colormag_page_container_layout":"default_layout","colormag_page_sidebar_layout":"default_layout","_crdt_document":"","footnotes":""},"categories":[153,5],"tags":[],"class_list":["post-5020","post","type-post","status-publish","format-standard","has-post-thumbnail","hentry","category-la-lettre-n74","category-vie-de-lassociation"],"_links":{"self":[{"href":"https:\/\/www.kananas.com\/myassociation962\/wp-json\/wp\/v2\/posts\/5020","targetHints":{"allow":["GET"]}}],"collection":[{"href":"https:\/\/www.kananas.com\/myassociation962\/wp-json\/wp\/v2\/posts"}],"about":[{"href":"https:\/\/www.kananas.com\/myassociation962\/wp-json\/wp\/v2\/types\/post"}],"author":[{"embeddable":true,"href":"https:\/\/www.kananas.com\/myassociation962\/wp-json\/wp\/v2\/users\/288"}],"replies":[{"embeddable":true,"href":"https:\/\/www.kananas.com\/myassociation962\/wp-json\/wp\/v2\/comments?post=5020"}],"version-history":[{"count":1,"href":"https:\/\/www.kananas.com\/myassociation962\/wp-json\/wp\/v2\/posts\/5020\/revisions"}],"predecessor-version":[{"id":5021,"href":"https:\/\/www.kananas.com\/myassociation962\/wp-json\/wp\/v2\/posts\/5020\/revisions\/5021"}],"wp:featuredmedia":[{"embeddable":true,"href":"https:\/\/www.kananas.com\/myassociation962\/wp-json\/wp\/v2\/media\/5012"}],"wp:attachment":[{"href":"https:\/\/www.kananas.com\/myassociation962\/wp-json\/wp\/v2\/media?parent=5020"}],"wp:term":[{"taxonomy":"category","embeddable":true,"href":"https:\/\/www.kananas.com\/myassociation962\/wp-json\/wp\/v2\/categories?post=5020"},{"taxonomy":"post_tag","embeddable":true,"href":"https:\/\/www.kananas.com\/myassociation962\/wp-json\/wp\/v2\/tags?post=5020"}],"curies":[{"name":"wp","href":"https:\/\/api.w.org\/{rel}","templated":true}]}}