{"id":5123,"date":"2020-08-27T20:38:46","date_gmt":"2020-08-27T18:38:46","guid":{"rendered":"http:\/\/www.kananas.com\/myassociation962\/?p=5123"},"modified":"2020-10-27T20:45:06","modified_gmt":"2020-10-27T19:45:06","slug":"les-jeunes-de-gagny-1-dans-le-jura","status":"publish","type":"post","link":"https:\/\/www.kananas.com\/myassociation962\/les-jeunes-de-gagny-1-dans-le-jura\/","title":{"rendered":"Les jeunes de Gagny 1 dans le Jura"},"content":{"rendered":"<p style=\"text-align: justify\"><img loading=\"lazy\" decoding=\"async\" class=\" wp-image-5127 alignleft\" src=\"http:\/\/www.kananas.com\/myassociation962\/wp-content\/uploads\/sites\/280\/2020\/08\/Capture.jpg\" alt=\"\" width=\"385\" height=\"240\" srcset=\"https:\/\/www.kananas.com\/myassociation962\/wp-content\/uploads\/sites\/280\/2020\/08\/Capture.jpg 1996w, https:\/\/www.kananas.com\/myassociation962\/wp-content\/uploads\/sites\/280\/2020\/08\/Capture-300x187.jpg 300w, https:\/\/www.kananas.com\/myassociation962\/wp-content\/uploads\/sites\/280\/2020\/08\/Capture-1024x638.jpg 1024w, https:\/\/www.kananas.com\/myassociation962\/wp-content\/uploads\/sites\/280\/2020\/08\/Capture-768x479.jpg 768w, https:\/\/www.kananas.com\/myassociation962\/wp-content\/uploads\/sites\/280\/2020\/08\/Capture-1536x957.jpg 1536w\" sizes=\"auto, (max-width: 385px) 100vw, 385px\" \/>La derni\u00e8re quinzaine d\u2019ao\u00fbt sept jeunes et deux \u00e9ducateurs ont investi la maison de vacances d\u2019Entre Deux Monts. De G1, comme on appelle Gagny1, \u00e0 4G, il n\u2019y a qu\u2019un pas, mais sans connexion, il a \u00e9t\u00e9 n\u00e9cessaire de connecter les jeunes avec la nature.<\/p>\n<p style=\"text-align: justify\">C\u2019est un pic, c\u2019est un aigle, c\u2019est au Pic de l\u2019Aigle que nos muscles ont \u00e9t\u00e9 mis \u00e0 rude \u00e9preuve dans un v\u00e9ritable parcours commando.<\/p>\n<p style=\"text-align: justify\">La cascade du h\u00e9risson \u00e9tait \u00e0 sec, pas d\u2019eau cette ann\u00e9e, mais le catamaran sur le lac a \u00e9tanch\u00e9 notre soif de libert\u00e9.<\/p>\n<p style=\"text-align: justify\">Le lendemain de la canirando<\/p>\n<p style=\"text-align: justify\">O\u00f9 chacun est entrain\u00e9 par un chien de traineaux,<\/p>\n<p style=\"text-align: justify\">Malgr\u00e9 nos maux,<\/p>\n<p style=\"text-align: justify\">Le paysage reste beau.<\/p>\n<p style=\"text-align: justify\">Ce s\u00e9jour fut cadeau<\/p>\n","protected":false},"excerpt":{"rendered":"<p>La derni\u00e8re quinzaine d\u2019ao\u00fbt sept jeunes et deux \u00e9ducateurs ont investi la maison de vacances d\u2019Entre Deux Monts. De G1,<\/p>\n","protected":false},"author":288,"featured_media":5124,"comment_status":"closed","ping_status":"closed","sticky":false,"template":"","format":"standard","meta":{"colormag_page_container_layout":"default_layout","colormag_page_sidebar_layout":"default_layout","_crdt_document":"","footnotes":""},"categories":[153,4],"tags":[],"class_list":["post-5123","post","type-post","status-publish","format-standard","has-post-thumbnail","hentry","category-la-lettre-n74","category-vie-des-maisons"],"_links":{"self":[{"href":"https:\/\/www.kananas.com\/myassociation962\/wp-json\/wp\/v2\/posts\/5123","targetHints":{"allow":["GET"]}}],"collection":[{"href":"https:\/\/www.kananas.com\/myassociation962\/wp-json\/wp\/v2\/posts"}],"about":[{"href":"https:\/\/www.kananas.com\/myassociation962\/wp-json\/wp\/v2\/types\/post"}],"author":[{"embeddable":true,"href":"https:\/\/www.kananas.com\/myassociation962\/wp-json\/wp\/v2\/users\/288"}],"replies":[{"embeddable":true,"href":"https:\/\/www.kananas.com\/myassociation962\/wp-json\/wp\/v2\/comments?post=5123"}],"version-history":[{"count":4,"href":"https:\/\/www.kananas.com\/myassociation962\/wp-json\/wp\/v2\/posts\/5123\/revisions"}],"predecessor-version":[{"id":5129,"href":"https:\/\/www.kananas.com\/myassociation962\/wp-json\/wp\/v2\/posts\/5123\/revisions\/5129"}],"wp:featuredmedia":[{"embeddable":true,"href":"https:\/\/www.kananas.com\/myassociation962\/wp-json\/wp\/v2\/media\/5124"}],"wp:attachment":[{"href":"https:\/\/www.kananas.com\/myassociation962\/wp-json\/wp\/v2\/media?parent=5123"}],"wp:term":[{"taxonomy":"category","embeddable":true,"href":"https:\/\/www.kananas.com\/myassociation962\/wp-json\/wp\/v2\/categories?post=5123"},{"taxonomy":"post_tag","embeddable":true,"href":"https:\/\/www.kananas.com\/myassociation962\/wp-json\/wp\/v2\/tags?post=5123"}],"curies":[{"name":"wp","href":"https:\/\/api.w.org\/{rel}","templated":true}]}}