{"id":5323,"date":"2020-12-21T15:04:23","date_gmt":"2020-12-21T14:04:23","guid":{"rendered":"http:\/\/www.kananas.com\/myassociation962\/?p=5323"},"modified":"2020-12-21T15:04:23","modified_gmt":"2020-12-21T14:04:23","slug":"le-nord-pas-de-calais-a-seduit-les-jeunes-de-coubron","status":"publish","type":"post","link":"https:\/\/www.kananas.com\/myassociation962\/le-nord-pas-de-calais-a-seduit-les-jeunes-de-coubron\/","title":{"rendered":"Le Nord Pas-de-Calais a s\u00e9duit les jeunes de Coubron"},"content":{"rendered":"<p style=\"text-align: justify\">Avec sept jeunes de la maison Marie-Foilaine Desolneux nous sommes partis pendant une semaine, du 17 au 25 octobre 2020, \u00e0 Boulogne-sur-Mer dans le Pas de Calais.<\/p>\n<p style=\"text-align: justify\">Ce fut l\u2019occasion de pratiquer des activit\u00e9s sportives comme le char \u00e0 voile sur les magnifiques plages de sable fin, ou encore une balade en v\u00e9lo. Les activit\u00e9s culturelles n\u2019ont pas \u00e9t\u00e9 n\u00e9glig\u00e9es, avec la visite du mus\u00e9e de Boulogne-sur-Mer, de la crypte de la basilique Notre-Dame, l\u2019une des plus grandes de France, et du \u00ab\u00a0Nausicaa\u00a0\u00bb, le plus grand aquarium d\u2019Europe.<\/p>\n<p style=\"text-align: justify\">Nous avons aussi d\u00e9couvert la gastronomie locale, depuis les fruits de mer en passant par les fromages typiques du Nord de la France, et les p\u00e2tisseries gourmandes, gaufres et tartes au sucre.<\/p>\n<p style=\"text-align: justify\">Le gite qui nous accueillait \u00e9tait spacieux, tous s\u2019y sentaient bien et auraient volontiers prolong\u00e9 le s\u00e9jour. La plupart des jeunes retourneraient bien \u00e0 Boulogne-sur-Mer durant les vacances de printemps ou d\u2019\u00e9t\u00e9.<\/p>\n<p style=\"text-align: right\">Yacare et Christophe, \u00e9ducateurs et accompagnateurs du groupe<\/p>\n","protected":false},"excerpt":{"rendered":"<p>Avec sept jeunes de la maison Marie-Foilaine Desolneux nous sommes partis pendant une semaine, du 17 au 25 octobre 2020,<\/p>\n","protected":false},"author":288,"featured_media":5324,"comment_status":"closed","ping_status":"closed","sticky":false,"template":"","format":"standard","meta":{"colormag_page_container_layout":"default_layout","colormag_page_sidebar_layout":"default_layout","_crdt_document":"","footnotes":""},"categories":[167,4],"tags":[172],"class_list":["post-5323","post","type-post","status-publish","format-standard","has-post-thumbnail","hentry","category-la-lettre-n75","category-vie-des-maisons","tag-yacare-et-christophe"],"_links":{"self":[{"href":"https:\/\/www.kananas.com\/myassociation962\/wp-json\/wp\/v2\/posts\/5323","targetHints":{"allow":["GET"]}}],"collection":[{"href":"https:\/\/www.kananas.com\/myassociation962\/wp-json\/wp\/v2\/posts"}],"about":[{"href":"https:\/\/www.kananas.com\/myassociation962\/wp-json\/wp\/v2\/types\/post"}],"author":[{"embeddable":true,"href":"https:\/\/www.kananas.com\/myassociation962\/wp-json\/wp\/v2\/users\/288"}],"replies":[{"embeddable":true,"href":"https:\/\/www.kananas.com\/myassociation962\/wp-json\/wp\/v2\/comments?post=5323"}],"version-history":[{"count":1,"href":"https:\/\/www.kananas.com\/myassociation962\/wp-json\/wp\/v2\/posts\/5323\/revisions"}],"predecessor-version":[{"id":5325,"href":"https:\/\/www.kananas.com\/myassociation962\/wp-json\/wp\/v2\/posts\/5323\/revisions\/5325"}],"wp:featuredmedia":[{"embeddable":true,"href":"https:\/\/www.kananas.com\/myassociation962\/wp-json\/wp\/v2\/media\/5324"}],"wp:attachment":[{"href":"https:\/\/www.kananas.com\/myassociation962\/wp-json\/wp\/v2\/media?parent=5323"}],"wp:term":[{"taxonomy":"category","embeddable":true,"href":"https:\/\/www.kananas.com\/myassociation962\/wp-json\/wp\/v2\/categories?post=5323"},{"taxonomy":"post_tag","embeddable":true,"href":"https:\/\/www.kananas.com\/myassociation962\/wp-json\/wp\/v2\/tags?post=5323"}],"curies":[{"name":"wp","href":"https:\/\/api.w.org\/{rel}","templated":true}]}}