{"id":5326,"date":"2020-12-21T15:08:17","date_gmt":"2020-12-21T14:08:17","guid":{"rendered":"http:\/\/www.kananas.com\/myassociation962\/?p=5326"},"modified":"2020-12-21T15:09:51","modified_gmt":"2020-12-21T14:09:51","slug":"les-jeunes-des-sorbiers-en-ardeche","status":"publish","type":"post","link":"https:\/\/www.kananas.com\/myassociation962\/les-jeunes-des-sorbiers-en-ardeche\/","title":{"rendered":"Les jeunes des Sorbiers en Ard\u00e8che !"},"content":{"rendered":"<p style=\"text-align: justify\"><img loading=\"lazy\" decoding=\"async\" class=\" wp-image-5328 alignleft\" src=\"http:\/\/www.kananas.com\/myassociation962\/wp-content\/uploads\/sites\/280\/2020\/12\/2020-10-Les-Sorbiers-en-Arde\u0300che-2.jpg\" alt=\"\" width=\"354\" height=\"228\" srcset=\"https:\/\/www.kananas.com\/myassociation962\/wp-content\/uploads\/sites\/280\/2020\/12\/2020-10-Les-Sorbiers-en-Arde\u0300che-2.jpg 641w, https:\/\/www.kananas.com\/myassociation962\/wp-content\/uploads\/sites\/280\/2020\/12\/2020-10-Les-Sorbiers-en-Arde\u0300che-2-300x193.jpg 300w\" sizes=\"auto, (max-width: 354px) 100vw, 354px\" \/>Le chef de service nous informe que la maison du Jura est d\u00e9j\u00e0 r\u00e9serv\u00e9e pour les vacances de la Toussaint. O\u00f9 irons-nous pour un s\u00e9jour sportif ? Apr\u00e8s de longues recherches sur internet, nous avons trouv\u00e9 le lieu id\u00e9al pour les jeunes : un g\u00eete de France avec une vue incroyable\u00a0! Validation du projet, appel, r\u00e9servation nous voil\u00e0 partis une semaine, du 24 au 31 octobre en Ard\u00e8che, non loin du Pont d\u2019Arc.<\/p>\n<p>&nbsp;<\/p>\n<p style=\"text-align: justify\">Du lundi au dimanche, que du bonheur pour les jeunes et les adultes\u00a0! Au programme\u00a0: cano\u00eb, randonn\u00e9e p\u00e9destre et VTT, \u00e9quitation, accrobranche. Cependant, l\u2019\u00e9quipe \u00e9ducative a d\u00fb r\u00e9ajuster la fin du s\u00e9jour \u00e0 l\u2019annonce du confinement et d\u2019un potentiel cas Covid. Au revoir la visite de la grotte Madeleine, et bonjour le re-confinement\u00a0!<\/p>\n<p>Malgr\u00e9 ce s\u00e9jour intense et fort en rebondissements, nous avons v\u00e9cu des moments agr\u00e9ables, de partage et d\u2019\u00e9change.<\/p>\n<p style=\"text-align: right\">ABANO Martin, PEREIRA Marina, \u00e9ducateurs sp\u00e9cialis\u00e9s<\/p>\n<div><\/div>\n","protected":false},"excerpt":{"rendered":"<p>Le chef de service nous informe que la maison du Jura est d\u00e9j\u00e0 r\u00e9serv\u00e9e pour les vacances de la Toussaint.<\/p>\n","protected":false},"author":288,"featured_media":5327,"comment_status":"closed","ping_status":"closed","sticky":false,"template":"","format":"standard","meta":{"colormag_page_container_layout":"default_layout","colormag_page_sidebar_layout":"default_layout","_crdt_document":"","footnotes":""},"categories":[167,4],"tags":[173,174],"class_list":["post-5326","post","type-post","status-publish","format-standard","has-post-thumbnail","hentry","category-la-lettre-n75","category-vie-des-maisons","tag-abano-martin","tag-pereira-marina"],"_links":{"self":[{"href":"https:\/\/www.kananas.com\/myassociation962\/wp-json\/wp\/v2\/posts\/5326","targetHints":{"allow":["GET"]}}],"collection":[{"href":"https:\/\/www.kananas.com\/myassociation962\/wp-json\/wp\/v2\/posts"}],"about":[{"href":"https:\/\/www.kananas.com\/myassociation962\/wp-json\/wp\/v2\/types\/post"}],"author":[{"embeddable":true,"href":"https:\/\/www.kananas.com\/myassociation962\/wp-json\/wp\/v2\/users\/288"}],"replies":[{"embeddable":true,"href":"https:\/\/www.kananas.com\/myassociation962\/wp-json\/wp\/v2\/comments?post=5326"}],"version-history":[{"count":4,"href":"https:\/\/www.kananas.com\/myassociation962\/wp-json\/wp\/v2\/posts\/5326\/revisions"}],"predecessor-version":[{"id":5332,"href":"https:\/\/www.kananas.com\/myassociation962\/wp-json\/wp\/v2\/posts\/5326\/revisions\/5332"}],"wp:featuredmedia":[{"embeddable":true,"href":"https:\/\/www.kananas.com\/myassociation962\/wp-json\/wp\/v2\/media\/5327"}],"wp:attachment":[{"href":"https:\/\/www.kananas.com\/myassociation962\/wp-json\/wp\/v2\/media?parent=5326"}],"wp:term":[{"taxonomy":"category","embeddable":true,"href":"https:\/\/www.kananas.com\/myassociation962\/wp-json\/wp\/v2\/categories?post=5326"},{"taxonomy":"post_tag","embeddable":true,"href":"https:\/\/www.kananas.com\/myassociation962\/wp-json\/wp\/v2\/tags?post=5326"}],"curies":[{"name":"wp","href":"https:\/\/api.w.org\/{rel}","templated":true}]}}