{"id":5373,"date":"2021-01-10T18:09:32","date_gmt":"2021-01-10T17:09:32","guid":{"rendered":"http:\/\/www.kananas.com\/myassociation962\/?p=5373"},"modified":"2021-01-10T18:09:53","modified_gmt":"2021-01-10T17:09:53","slug":"noel-aux-clarines-pour-la-caravane","status":"publish","type":"post","link":"https:\/\/www.kananas.com\/myassociation962\/noel-aux-clarines-pour-la-caravane\/","title":{"rendered":"No\u00ebl aux Clarines pour La Caravane"},"content":{"rendered":"<p style=\"text-align: justify\"><img loading=\"lazy\" decoding=\"async\" class=\" wp-image-5376 alignleft\" src=\"http:\/\/www.kananas.com\/myassociation962\/wp-content\/uploads\/sites\/280\/2021\/01\/2020-12-Noel-Caravane-aux-Clarines-1_censored.jpg\" alt=\"\" width=\"372\" height=\"279\" srcset=\"https:\/\/www.kananas.com\/myassociation962\/wp-content\/uploads\/sites\/280\/2021\/01\/2020-12-Noel-Caravane-aux-Clarines-1_censored.jpg 640w, https:\/\/www.kananas.com\/myassociation962\/wp-content\/uploads\/sites\/280\/2021\/01\/2020-12-Noel-Caravane-aux-Clarines-1_censored-300x225.jpg 300w\" sizes=\"auto, (max-width: 372px) 100vw, 372px\" \/>Nous sommes partis quelques jours aux Clarines pour le Nouvel An : 7 jeunes, 2 adultes. A notre arriv\u00e9e, la neige nous attendait. Les jeunes ont profit\u00e9 pleinement de leur s\u00e9jour. La Covid \u00e9tant toujours pr\u00e9sente, nos activit\u00e9s se sont tourn\u00e9es vers des batailles de boules de neige et un concours de bonhomme de neige. Ce fut un temps de farniente et de ressourcement aupr\u00e8s de la chemin\u00e9e qui a fonctionn\u00e9 \u00e0 plein r\u00e9gime : merci pour le bois. Jeux de soci\u00e9t\u00e9s et bons moments festifs ont compl\u00e9t\u00e9 notre emploi du temps. Le changement d&rsquo;air a \u00e9t\u00e9 b\u00e9n\u00e9fique pour tous. Les jeunes ont tous demand\u00e9 \u00e0 revenir aux Clarines pour un autre temps de vacances.<\/p>\n<p style=\"text-align: right\">Catherine LETOURDU, Directrice<\/p>\n<p>&nbsp;<\/p>\n<div><\/div>\n","protected":false},"excerpt":{"rendered":"<p>Nous sommes partis quelques jours aux Clarines pour le Nouvel An : 7 jeunes, 2 adultes. A notre arriv\u00e9e, la<\/p>\n","protected":false},"author":288,"featured_media":5375,"comment_status":"closed","ping_status":"closed","sticky":false,"template":"","format":"standard","meta":{"colormag_page_container_layout":"default_layout","colormag_page_sidebar_layout":"default_layout","_crdt_document":"","footnotes":""},"categories":[167,4],"tags":[130],"class_list":["post-5373","post","type-post","status-publish","format-standard","has-post-thumbnail","hentry","category-la-lettre-n75","category-vie-des-maisons","tag-catherine-letourdu"],"_links":{"self":[{"href":"https:\/\/www.kananas.com\/myassociation962\/wp-json\/wp\/v2\/posts\/5373","targetHints":{"allow":["GET"]}}],"collection":[{"href":"https:\/\/www.kananas.com\/myassociation962\/wp-json\/wp\/v2\/posts"}],"about":[{"href":"https:\/\/www.kananas.com\/myassociation962\/wp-json\/wp\/v2\/types\/post"}],"author":[{"embeddable":true,"href":"https:\/\/www.kananas.com\/myassociation962\/wp-json\/wp\/v2\/users\/288"}],"replies":[{"embeddable":true,"href":"https:\/\/www.kananas.com\/myassociation962\/wp-json\/wp\/v2\/comments?post=5373"}],"version-history":[{"count":2,"href":"https:\/\/www.kananas.com\/myassociation962\/wp-json\/wp\/v2\/posts\/5373\/revisions"}],"predecessor-version":[{"id":5378,"href":"https:\/\/www.kananas.com\/myassociation962\/wp-json\/wp\/v2\/posts\/5373\/revisions\/5378"}],"wp:featuredmedia":[{"embeddable":true,"href":"https:\/\/www.kananas.com\/myassociation962\/wp-json\/wp\/v2\/media\/5375"}],"wp:attachment":[{"href":"https:\/\/www.kananas.com\/myassociation962\/wp-json\/wp\/v2\/media?parent=5373"}],"wp:term":[{"taxonomy":"category","embeddable":true,"href":"https:\/\/www.kananas.com\/myassociation962\/wp-json\/wp\/v2\/categories?post=5373"},{"taxonomy":"post_tag","embeddable":true,"href":"https:\/\/www.kananas.com\/myassociation962\/wp-json\/wp\/v2\/tags?post=5373"}],"curies":[{"name":"wp","href":"https:\/\/api.w.org\/{rel}","templated":true}]}}