{"id":5387,"date":"2021-02-08T00:30:15","date_gmt":"2021-02-07T23:30:15","guid":{"rendered":"http:\/\/www.kananas.com\/myassociation962\/?p=5387"},"modified":"2021-02-08T00:30:15","modified_gmt":"2021-02-07T23:30:15","slug":"formation-premiers-secours-au-module-de-gagny","status":"publish","type":"post","link":"https:\/\/www.kananas.com\/myassociation962\/formation-premiers-secours-au-module-de-gagny\/","title":{"rendered":"Formation premiers secours au module de Gagny"},"content":{"rendered":"<p style=\"text-align: justify\"><img loading=\"lazy\" decoding=\"async\" class=\"wp-image-5389 alignleft\" src=\"http:\/\/www.kananas.com\/myassociation962\/wp-content\/uploads\/sites\/280\/2021\/02\/Capture10.png\" alt=\"\" width=\"314\" height=\"423\" srcset=\"https:\/\/www.kananas.com\/myassociation962\/wp-content\/uploads\/sites\/280\/2021\/02\/Capture10.png 833w, https:\/\/www.kananas.com\/myassociation962\/wp-content\/uploads\/sites\/280\/2021\/02\/Capture10-223x300.png 223w, https:\/\/www.kananas.com\/myassociation962\/wp-content\/uploads\/sites\/280\/2021\/02\/Capture10-760x1024.png 760w, https:\/\/www.kananas.com\/myassociation962\/wp-content\/uploads\/sites\/280\/2021\/02\/Capture10-768x1035.png 768w\" sizes=\"auto, (max-width: 314px) 100vw, 314px\" \/>Une formation aux premiers secours et \u00e0 la gestion des incendies a pu \u00eatre organis\u00e9e le 29 d\u00e9cembre dernier au sein des deux maisons du module.<\/p>\n<p style=\"text-align: justify\">Elle s\u2019est d\u00e9roul\u00e9e en deux temps et 17 jeunes y ont particip\u00e9 en pr\u00e9sence d\u2019un formateur et d\u2019un \u00e9ducateur. Nos stagiaires se sont montr\u00e9s attentifs tout au long de la formation, gr\u00e2ce notamment \u00e0 des m\u00e9thodes p\u00e9dagogiques adapt\u00e9es avec l\u2019utilisation d\u2019un masque de r\u00e9alit\u00e9 virtuelle d\u00e9di\u00e9 \u00e0 la mise en situation face \u00e0 un d\u00e9part de feu.<\/p>\n<p style=\"text-align: justify\">Les jeunes de la maison de Gagny 2 ayant \u00e9t\u00e9 confront\u00e9s \u00e0 plusieurs d\u00e9parts de feu intentionnels au sein de la maison dans le courant du mois de novembre, cette formation a beaucoup contribu\u00e9 \u00e0 les rassurer sur leur capacit\u00e9 \u00e0 g\u00e9rer ce type de situation.<\/p>\n<p style=\"text-align: justify\"><i>L\u00e9gende : les gestes qui sauvent\u2026<\/i><\/p>\n<p style=\"text-align: justify\">Nous esp\u00e9rons que de nouvelles sessions de formation de ce type auront lieu car elles ont plusieurs vertus notamment celle de sensibiliser les jeunes \u00e0 la n\u00e9cessit\u00e9 de respecter le mat\u00e9riel de s\u00e9curit\u00e9 des maisons et de les pr\u00e9parer \u00e0 \u00eatre des citoyens en capacit\u00e9 d\u2019aider une personne en d\u00e9tresse physique dans l\u2019attente des secours\u00a0!<\/p>\n<p>&nbsp;<\/p>\n<p style=\"text-align: right\">Djamila BENLOUNIS, \u00e9ducatrice\u00a0 et\u00a0 Laurence NOMINET, directrice<\/p>\n<p>&nbsp;<\/p>\n<div><\/div>\n","protected":false},"excerpt":{"rendered":"<p>Une formation aux premiers secours et \u00e0 la gestion des incendies a pu \u00eatre organis\u00e9e le 29 d\u00e9cembre dernier au<\/p>\n","protected":false},"author":288,"featured_media":5388,"comment_status":"closed","ping_status":"closed","sticky":false,"template":"","format":"standard","meta":{"colormag_page_container_layout":"default_layout","colormag_page_sidebar_layout":"default_layout","_crdt_document":"","footnotes":""},"categories":[176,5],"tags":[177,93],"class_list":["post-5387","post","type-post","status-publish","format-standard","has-post-thumbnail","hentry","category-la-lettre-n76","category-vie-de-lassociation","tag-djamila-benlounis","tag-laurence-nominet"],"_links":{"self":[{"href":"https:\/\/www.kananas.com\/myassociation962\/wp-json\/wp\/v2\/posts\/5387","targetHints":{"allow":["GET"]}}],"collection":[{"href":"https:\/\/www.kananas.com\/myassociation962\/wp-json\/wp\/v2\/posts"}],"about":[{"href":"https:\/\/www.kananas.com\/myassociation962\/wp-json\/wp\/v2\/types\/post"}],"author":[{"embeddable":true,"href":"https:\/\/www.kananas.com\/myassociation962\/wp-json\/wp\/v2\/users\/288"}],"replies":[{"embeddable":true,"href":"https:\/\/www.kananas.com\/myassociation962\/wp-json\/wp\/v2\/comments?post=5387"}],"version-history":[{"count":1,"href":"https:\/\/www.kananas.com\/myassociation962\/wp-json\/wp\/v2\/posts\/5387\/revisions"}],"predecessor-version":[{"id":5390,"href":"https:\/\/www.kananas.com\/myassociation962\/wp-json\/wp\/v2\/posts\/5387\/revisions\/5390"}],"wp:featuredmedia":[{"embeddable":true,"href":"https:\/\/www.kananas.com\/myassociation962\/wp-json\/wp\/v2\/media\/5388"}],"wp:attachment":[{"href":"https:\/\/www.kananas.com\/myassociation962\/wp-json\/wp\/v2\/media?parent=5387"}],"wp:term":[{"taxonomy":"category","embeddable":true,"href":"https:\/\/www.kananas.com\/myassociation962\/wp-json\/wp\/v2\/categories?post=5387"},{"taxonomy":"post_tag","embeddable":true,"href":"https:\/\/www.kananas.com\/myassociation962\/wp-json\/wp\/v2\/tags?post=5387"}],"curies":[{"name":"wp","href":"https:\/\/api.w.org\/{rel}","templated":true}]}}