{"id":5404,"date":"2021-03-26T09:38:07","date_gmt":"2021-03-26T08:38:07","guid":{"rendered":"http:\/\/www.kananas.com\/myassociation962\/?p=5404"},"modified":"2021-03-26T09:38:07","modified_gmt":"2021-03-26T08:38:07","slug":"petite-escapade-en-alsace-pour-chevreul","status":"publish","type":"post","link":"https:\/\/www.kananas.com\/myassociation962\/petite-escapade-en-alsace-pour-chevreul\/","title":{"rendered":"Petite escapade en Alsace pour Chevreul"},"content":{"rendered":"<p style=\"text-align: justify\"><img loading=\"lazy\" decoding=\"async\" class=\"wp-image-5407 alignleft\" src=\"http:\/\/www.kananas.com\/myassociation962\/wp-content\/uploads\/sites\/280\/2021\/03\/Chevreul-2021-02-la-petite-Venise.jpg\" alt=\"\" width=\"404\" height=\"182\" srcset=\"https:\/\/www.kananas.com\/myassociation962\/wp-content\/uploads\/sites\/280\/2021\/03\/Chevreul-2021-02-la-petite-Venise.jpg 1600w, https:\/\/www.kananas.com\/myassociation962\/wp-content\/uploads\/sites\/280\/2021\/03\/Chevreul-2021-02-la-petite-Venise-300x135.jpg 300w, https:\/\/www.kananas.com\/myassociation962\/wp-content\/uploads\/sites\/280\/2021\/03\/Chevreul-2021-02-la-petite-Venise-1024x461.jpg 1024w, https:\/\/www.kananas.com\/myassociation962\/wp-content\/uploads\/sites\/280\/2021\/03\/Chevreul-2021-02-la-petite-Venise-768x346.jpg 768w, https:\/\/www.kananas.com\/myassociation962\/wp-content\/uploads\/sites\/280\/2021\/03\/Chevreul-2021-02-la-petite-Venise-1536x691.jpg 1536w\" sizes=\"auto, (max-width: 404px) 100vw, 404px\" \/>La team Chevreul, 10 jeunes \u00e2g\u00e9s de 9 \u00e0 13 ans encadr\u00e9s par 3 \u00e9ducateurs, est all\u00e9e en Alsace, \u00e0 Bennwihr, petit village viticole pr\u00e8s de Colmar, pour un s\u00e9jour d&rsquo;une semaine, du 19 au 26 f\u00e9vrier.<\/p>\n<p style=\"text-align: justify\">Le soleil, une temp\u00e9rature agr\u00e9able, la montagne \u00e0 quelques kilom\u00e8tres, une superbe maison&#8230; tous les \u00e9l\u00e9ments \u00e9taient r\u00e9unis pour passer un bon moment.<\/p>\n<p style=\"text-align: justify\">Malgr\u00e9 les mesures sanitaires, nous avons pu visiter Colmar et faire un tour en barque dans la \u00ab\u00a0Petite Venise\u00a0\u00bb, quartier de canaux du centre historique de la ville. En montagne nous avons pratiqu\u00e9 la luge \u00ab\u00a0ordinaire\u00a0\u00bb et la luge sur rails. Non loin du g\u00eete, nos jeunes ont fait la connaissance de l&rsquo;\u00e2ne Cadichon et de son ami le lama.<\/p>\n<p style=\"text-align: justify\">Le s\u00e9jour a \u00e9t\u00e9 tr\u00e8s agr\u00e9able. Pour certains des jeunes r\u00e9cemment accueillis, ce s\u00e9jour a facilit\u00e9 l\u2019int\u00e9gration au groupe, d&rsquo;autres y ont renforc\u00e9 leurs liens.<\/p>\n<p style=\"text-align: justify\">Une fois de plus, ce fut pour tous, un moment d&rsquo;\u00e9changes, de partage, et d&rsquo;entraide. Une bulle d&rsquo;oxyg\u00e8ne loin du quotidien, et le moyen de se cr\u00e9er de nouveaux souvenirs&#8230;.<\/p>\n<p style=\"text-align: right\">St\u00e9phanie DOS SANTOS<\/p>\n<p style=\"text-align: right\">\u00c9ducatrice<\/p>\n","protected":false},"excerpt":{"rendered":"<p>La team Chevreul, 10 jeunes \u00e2g\u00e9s de 9 \u00e0 13 ans encadr\u00e9s par 3 \u00e9ducateurs, est all\u00e9e en Alsace, \u00e0<\/p>\n","protected":false},"author":288,"featured_media":5406,"comment_status":"closed","ping_status":"closed","sticky":false,"template":"","format":"standard","meta":{"colormag_page_container_layout":"default_layout","colormag_page_sidebar_layout":"default_layout","_crdt_document":"","footnotes":""},"categories":[176,4],"tags":[157],"class_list":["post-5404","post","type-post","status-publish","format-standard","has-post-thumbnail","hentry","category-la-lettre-n76","category-vie-des-maisons","tag-stephanie-dos-santos"],"_links":{"self":[{"href":"https:\/\/www.kananas.com\/myassociation962\/wp-json\/wp\/v2\/posts\/5404","targetHints":{"allow":["GET"]}}],"collection":[{"href":"https:\/\/www.kananas.com\/myassociation962\/wp-json\/wp\/v2\/posts"}],"about":[{"href":"https:\/\/www.kananas.com\/myassociation962\/wp-json\/wp\/v2\/types\/post"}],"author":[{"embeddable":true,"href":"https:\/\/www.kananas.com\/myassociation962\/wp-json\/wp\/v2\/users\/288"}],"replies":[{"embeddable":true,"href":"https:\/\/www.kananas.com\/myassociation962\/wp-json\/wp\/v2\/comments?post=5404"}],"version-history":[{"count":1,"href":"https:\/\/www.kananas.com\/myassociation962\/wp-json\/wp\/v2\/posts\/5404\/revisions"}],"predecessor-version":[{"id":5408,"href":"https:\/\/www.kananas.com\/myassociation962\/wp-json\/wp\/v2\/posts\/5404\/revisions\/5408"}],"wp:featuredmedia":[{"embeddable":true,"href":"https:\/\/www.kananas.com\/myassociation962\/wp-json\/wp\/v2\/media\/5406"}],"wp:attachment":[{"href":"https:\/\/www.kananas.com\/myassociation962\/wp-json\/wp\/v2\/media?parent=5404"}],"wp:term":[{"taxonomy":"category","embeddable":true,"href":"https:\/\/www.kananas.com\/myassociation962\/wp-json\/wp\/v2\/categories?post=5404"},{"taxonomy":"post_tag","embeddable":true,"href":"https:\/\/www.kananas.com\/myassociation962\/wp-json\/wp\/v2\/tags?post=5404"}],"curies":[{"name":"wp","href":"https:\/\/api.w.org\/{rel}","templated":true}]}}