{"id":5617,"date":"2021-09-20T15:30:50","date_gmt":"2021-09-20T13:30:50","guid":{"rendered":"http:\/\/www.kananas.com\/myassociation962\/?p=5617"},"modified":"2021-09-20T15:30:50","modified_gmt":"2021-09-20T13:30:50","slug":"camping-a-guerande-pour-les-coubronnais","status":"publish","type":"post","link":"https:\/\/www.kananas.com\/myassociation962\/camping-a-guerande-pour-les-coubronnais\/","title":{"rendered":"Camping \u00e0 Gu\u00e9rande pour les Coubronnais"},"content":{"rendered":"<p style=\"text-align: justify\">Du 18 juillet au 01 ao\u00fbt, sept jeunes Coubronnais, ont d\u00e9couvert les vacances au camping. Laissons-les \u00e9voquer leurs souvenir.<\/p>\n<p style=\"text-align: justify\">Nos journ\u00e9es \u00e9taient rythm\u00e9es par les baignades \u00e0 la piscine et les apr\u00e8s-midis \u00e0 la mer.<\/p>\n<p style=\"text-align: justify\">Nous nous sommes essay\u00e9s au cano\u00eb, \u00e0 l\u2019accrobranche\u00a0; nous avons aussi pass\u00e9 une soir\u00e9e dans le labyrinthe de l\u2019horreur, ainsi que dans une f\u00eate foraine.<\/p>\n<p style=\"text-align: justify\">Toutes ces activit\u00e9s ont permis \u00e0 chacun de d\u00e9passer ses peurs, et de cr\u00e9er un esprit de groupe et de solidarit\u00e9.<\/p>\n<p style=\"text-align: justify\">Quand nous ne passions pas nos soir\u00e9es \u00e0 la plage, nous nous retrouvions autour des jeux de soci\u00e9t\u00e9 et surtout de cartes. Fous rires et moments de complicit\u00e9 ont \u00e9t\u00e9 au rendez-vous durant ces quinze jours.<\/p>\n<p style=\"text-align: justify\">La r\u00e9alisation des repas, a permis \u00e0 chacun de montrer ses talents de cuisinier.<\/p>\n<p style=\"text-align: justify\">Malgr\u00e9 un temps gris\u00e2tre, nous revenons avec de belles couleurs et de bons souvenirs.<\/p>\n<p style=\"text-align: right\">Amarger Servane et Bouras B\u00e9atrice, \u00e9ducatrices<\/p>\n","protected":false},"excerpt":{"rendered":"<p>Du 18 juillet au 01 ao\u00fbt, sept jeunes Coubronnais, ont d\u00e9couvert les vacances au camping. Laissons-les \u00e9voquer leurs souvenir. Nos<\/p>\n","protected":false},"author":288,"featured_media":5613,"comment_status":"closed","ping_status":"closed","sticky":false,"template":"","format":"standard","meta":{"colormag_page_container_layout":"default_layout","colormag_page_sidebar_layout":"default_layout","_crdt_document":"","footnotes":""},"categories":[176,4],"tags":[188,189],"class_list":["post-5617","post","type-post","status-publish","format-standard","has-post-thumbnail","hentry","category-la-lettre-n76","category-vie-des-maisons","tag-amarger-servane","tag-bouras-beatrice"],"_links":{"self":[{"href":"https:\/\/www.kananas.com\/myassociation962\/wp-json\/wp\/v2\/posts\/5617","targetHints":{"allow":["GET"]}}],"collection":[{"href":"https:\/\/www.kananas.com\/myassociation962\/wp-json\/wp\/v2\/posts"}],"about":[{"href":"https:\/\/www.kananas.com\/myassociation962\/wp-json\/wp\/v2\/types\/post"}],"author":[{"embeddable":true,"href":"https:\/\/www.kananas.com\/myassociation962\/wp-json\/wp\/v2\/users\/288"}],"replies":[{"embeddable":true,"href":"https:\/\/www.kananas.com\/myassociation962\/wp-json\/wp\/v2\/comments?post=5617"}],"version-history":[{"count":1,"href":"https:\/\/www.kananas.com\/myassociation962\/wp-json\/wp\/v2\/posts\/5617\/revisions"}],"predecessor-version":[{"id":5618,"href":"https:\/\/www.kananas.com\/myassociation962\/wp-json\/wp\/v2\/posts\/5617\/revisions\/5618"}],"wp:featuredmedia":[{"embeddable":true,"href":"https:\/\/www.kananas.com\/myassociation962\/wp-json\/wp\/v2\/media\/5613"}],"wp:attachment":[{"href":"https:\/\/www.kananas.com\/myassociation962\/wp-json\/wp\/v2\/media?parent=5617"}],"wp:term":[{"taxonomy":"category","embeddable":true,"href":"https:\/\/www.kananas.com\/myassociation962\/wp-json\/wp\/v2\/categories?post=5617"},{"taxonomy":"post_tag","embeddable":true,"href":"https:\/\/www.kananas.com\/myassociation962\/wp-json\/wp\/v2\/tags?post=5617"}],"curies":[{"name":"wp","href":"https:\/\/api.w.org\/{rel}","templated":true}]}}