{"id":5659,"date":"2021-10-05T16:31:57","date_gmt":"2021-10-05T14:31:57","guid":{"rendered":"http:\/\/www.kananas.com\/myassociation962\/?p=5659"},"modified":"2021-10-05T16:32:53","modified_gmt":"2021-10-05T14:32:53","slug":"hommage-a-alain-junqua","status":"publish","type":"post","link":"https:\/\/www.kananas.com\/myassociation962\/hommage-a-alain-junqua\/","title":{"rendered":"Hommage \u00e0 Alain Junqua"},"content":{"rendered":"<figure id=\"attachment_5625\" aria-describedby=\"caption-attachment-5625\" style=\"width: 484px\" class=\"wp-caption alignleft\"><a href=\"http:\/\/www.kananas.com\/myassociation962\/wp-content\/uploads\/sites\/280\/2021\/10\/Hommage-a-Junqua-X.-Lemoine-maire-de-Montfermeil-Y-JunquaFl-Mazerat-C-Chirouse-S-CharriereRolin-Cralony..jpg\"><img loading=\"lazy\" decoding=\"async\" class=\" wp-image-5625\" src=\"http:\/\/www.kananas.com\/myassociation962\/wp-content\/uploads\/sites\/280\/2021\/10\/Hommage-a-Junqua-X.-Lemoine-maire-de-Montfermeil-Y-JunquaFl-Mazerat-C-Chirouse-S-CharriereRolin-Cralony..jpg\" alt=\"\" width=\"484\" height=\"321\" srcset=\"https:\/\/www.kananas.com\/myassociation962\/wp-content\/uploads\/sites\/280\/2021\/10\/Hommage-a-Junqua-X.-Lemoine-maire-de-Montfermeil-Y-JunquaFl-Mazerat-C-Chirouse-S-CharriereRolin-Cralony..jpg 2448w, https:\/\/www.kananas.com\/myassociation962\/wp-content\/uploads\/sites\/280\/2021\/10\/Hommage-a-Junqua-X.-Lemoine-maire-de-Montfermeil-Y-JunquaFl-Mazerat-C-Chirouse-S-CharriereRolin-Cralony.-300x199.jpg 300w, https:\/\/www.kananas.com\/myassociation962\/wp-content\/uploads\/sites\/280\/2021\/10\/Hommage-a-Junqua-X.-Lemoine-maire-de-Montfermeil-Y-JunquaFl-Mazerat-C-Chirouse-S-CharriereRolin-Cralony.-1024x679.jpg 1024w, https:\/\/www.kananas.com\/myassociation962\/wp-content\/uploads\/sites\/280\/2021\/10\/Hommage-a-Junqua-X.-Lemoine-maire-de-Montfermeil-Y-JunquaFl-Mazerat-C-Chirouse-S-CharriereRolin-Cralony.-768x509.jpg 768w, https:\/\/www.kananas.com\/myassociation962\/wp-content\/uploads\/sites\/280\/2021\/10\/Hommage-a-Junqua-X.-Lemoine-maire-de-Montfermeil-Y-JunquaFl-Mazerat-C-Chirouse-S-CharriereRolin-Cralony.-1536x1019.jpg 1536w, https:\/\/www.kananas.com\/myassociation962\/wp-content\/uploads\/sites\/280\/2021\/10\/Hommage-a-Junqua-X.-Lemoine-maire-de-Montfermeil-Y-JunquaFl-Mazerat-C-Chirouse-S-CharriereRolin-Cralony.-2048x1359.jpg 2048w\" sizes=\"auto, (max-width: 484px) 100vw, 484px\" \/><\/a><figcaption id=\"caption-attachment-5625\" class=\"wp-caption-text\">X. Lemoine, maire de Montfermeil, Yves Junqua, F. Mazerat, C. Chirouse, S. Charri\u00e8re, d\u00e9put\u00e9e, Rolin Cranoli devant la plaque de M. Junqua<\/figcaption><\/figure>\n<p style=\"text-align: justify\">A l\u2019issue de l\u2019Assembl\u00e9e g\u00e9n\u00e9rale de ce 23 septembre 2021, sur d\u00e9cision unanime du conseil d\u2019administration une plaque a \u00e9t\u00e9 d\u00e9voil\u00e9e en souvenir de M. Alain Junqua, dans la maison Aristide Briand qu\u2019il affectionnait particuli\u00e8rement. Claude Chirouse, pr\u00e9sident, Florence Mazerat, directrice g\u00e9n\u00e9rale, Yves Junqua, neveu et filleul d\u2019Alain, Rolin Cranoli maire de Gagny, sont intervenus tour \u00e0 tour pour rappeler l\u2019engagement de M. Junqua au service de la justice, son attachement \u00e0 Concorde et aux jeunes qui y vivent, le r\u00f4le majeur de l\u2019association pour faire soci\u00e9t\u00e9 dans la ville. De nombreux personnels et amis \u00e9taient pr\u00e9sents, heureux et \u00e9mus de cet hommage \u00e0 un charismatique pr\u00e9sident.<\/p>\n","protected":false},"excerpt":{"rendered":"<p>A l\u2019issue de l\u2019Assembl\u00e9e g\u00e9n\u00e9rale de ce 23 septembre 2021, sur d\u00e9cision unanime du conseil d\u2019administration une plaque a \u00e9t\u00e9<\/p>\n","protected":false},"author":288,"featured_media":5624,"comment_status":"closed","ping_status":"closed","sticky":false,"template":"","format":"standard","meta":{"colormag_page_container_layout":"default_layout","colormag_page_sidebar_layout":"default_layout","_crdt_document":"","footnotes":""},"categories":[176,5],"tags":[],"class_list":["post-5659","post","type-post","status-publish","format-standard","has-post-thumbnail","hentry","category-la-lettre-n76","category-vie-de-lassociation"],"_links":{"self":[{"href":"https:\/\/www.kananas.com\/myassociation962\/wp-json\/wp\/v2\/posts\/5659","targetHints":{"allow":["GET"]}}],"collection":[{"href":"https:\/\/www.kananas.com\/myassociation962\/wp-json\/wp\/v2\/posts"}],"about":[{"href":"https:\/\/www.kananas.com\/myassociation962\/wp-json\/wp\/v2\/types\/post"}],"author":[{"embeddable":true,"href":"https:\/\/www.kananas.com\/myassociation962\/wp-json\/wp\/v2\/users\/288"}],"replies":[{"embeddable":true,"href":"https:\/\/www.kananas.com\/myassociation962\/wp-json\/wp\/v2\/comments?post=5659"}],"version-history":[{"count":2,"href":"https:\/\/www.kananas.com\/myassociation962\/wp-json\/wp\/v2\/posts\/5659\/revisions"}],"predecessor-version":[{"id":5661,"href":"https:\/\/www.kananas.com\/myassociation962\/wp-json\/wp\/v2\/posts\/5659\/revisions\/5661"}],"wp:featuredmedia":[{"embeddable":true,"href":"https:\/\/www.kananas.com\/myassociation962\/wp-json\/wp\/v2\/media\/5624"}],"wp:attachment":[{"href":"https:\/\/www.kananas.com\/myassociation962\/wp-json\/wp\/v2\/media?parent=5659"}],"wp:term":[{"taxonomy":"category","embeddable":true,"href":"https:\/\/www.kananas.com\/myassociation962\/wp-json\/wp\/v2\/categories?post=5659"},{"taxonomy":"post_tag","embeddable":true,"href":"https:\/\/www.kananas.com\/myassociation962\/wp-json\/wp\/v2\/tags?post=5659"}],"curies":[{"name":"wp","href":"https:\/\/api.w.org\/{rel}","templated":true}]}}