{"id":5836,"date":"2022-02-21T09:44:01","date_gmt":"2022-02-21T08:44:01","guid":{"rendered":"http:\/\/www.kananas.com\/myassociation962\/?p=5836"},"modified":"2022-02-28T17:18:14","modified_gmt":"2022-02-28T16:18:14","slug":"les-directeurs-ont-manifeste-place-du-palais-royal","status":"publish","type":"post","link":"https:\/\/www.kananas.com\/myassociation962\/les-directeurs-ont-manifeste-place-du-palais-royal\/","title":{"rendered":"Les directeurs ont manifest\u00e9 place du Palais Royal"},"content":{"rendered":"<p>Vendredi 4 f\u00e9vrier Concorde s\u2019est associ\u00e9 \u00e0 la mobilisation des dirigeants et administrateurs du secteur associatif, \u00e0 l\u2019appel des syndicats employeurs NEXEM, FEHAP, URIOPSS\u2026 pour d\u00e9fendre le \u00ab\u00a0SEGUR POUR TOUS\u00a0\u00bb, l\u2019attractivit\u00e9 du m\u00e9tier et lutter contre la crise des m\u00e9tiers de l\u2019humain.<\/p>\n<p style=\"text-align: justify\">C\u2019est une grande premi\u00e8re et nous \u00e9tions nombreux peut-\u00eatre 400 \u00e0 500, directeurs g\u00e9n\u00e9raux, directeurs d\u2019associations, directeurs d\u2019\u00e9tablissements tous secteurs confondus, protection de l\u2019enfance, handicap, personnes \u00e2g\u00e9es, pr\u00e9vention sp\u00e9cialis\u00e9e, insertion\/logement\u2026<\/p>\n<p style=\"text-align: justify\">Cette initiative avait pour objectif d\u2019alerter les pouvoirs publics sur les difficult\u00e9s croissantes de recrutement, les probl\u00e8mes de sous-effectifs et de r\u00e9clamer un traitement plus \u00e9quitable pour tout le secteur. Les professionnels engag\u00e9s, aupr\u00e8s des publics en difficult\u00e9, se retrouvent de plus en plus souvent dans une grande pr\u00e9carit\u00e9. Leur salaire ne leur permet pas de vivre dignement. A tous les niveaux d\u2019encadrement, la charge mentale est devenue \u00ab surcharge \u00bb, les pouvoirs publics n\u2019ont aucune propension \u00e0 la bientraitance de ces personnels des services et \u00e9tablissements qui la mettent en \u0153uvre tous les jours aupr\u00e8s des \u00e9quipes et des publics accueillis. Quel paradoxe !<\/p>\n<p>Nous r\u00e9clamons plus de moyens humains et financiers.<\/p>\n<p>Pour tout le secteur associatif, il est urgent de se mobiliser pour ne pas donner raison \u00e0 ce proverbe\u00a0: \u00ab\u00a0<em>Le meilleur moyen d&rsquo;avoir les mains libres pour gouverner, c&rsquo;est de semer la discorde parmi ses opposants<\/em>\u00a0\u00bb.<\/p>\n<p>Restons unis et solidaires pour d\u00e9fendre les \u00e9quipes en place et \u00e0 venir, les publics que nous accueillons et pr\u00e9parer l\u2019avenir.<\/p>\n<p style=\"text-align: right\">Laurence Nominet, Catherine Letourdu, directrices d\u2019\u00e9tablissements de Concorde, Florence Mazerat, directrice g\u00e9n\u00e9rale<\/p>\n","protected":false},"excerpt":{"rendered":"<p>Vendredi 4 f\u00e9vrier Concorde s\u2019est associ\u00e9 \u00e0 la mobilisation des dirigeants et administrateurs du secteur associatif, \u00e0 l\u2019appel des syndicats<\/p>\n","protected":false},"author":288,"featured_media":5839,"comment_status":"closed","ping_status":"closed","sticky":false,"template":"","format":"standard","meta":{"colormag_page_container_layout":"default_layout","colormag_page_sidebar_layout":"default_layout","_crdt_document":"","footnotes":""},"categories":[198,5],"tags":[130,59,93],"class_list":["post-5836","post","type-post","status-publish","format-standard","has-post-thumbnail","hentry","category-la-lettre-n77","category-vie-de-lassociation","tag-catherine-letourdu","tag-florence-mazerat","tag-laurence-nominet"],"_links":{"self":[{"href":"https:\/\/www.kananas.com\/myassociation962\/wp-json\/wp\/v2\/posts\/5836","targetHints":{"allow":["GET"]}}],"collection":[{"href":"https:\/\/www.kananas.com\/myassociation962\/wp-json\/wp\/v2\/posts"}],"about":[{"href":"https:\/\/www.kananas.com\/myassociation962\/wp-json\/wp\/v2\/types\/post"}],"author":[{"embeddable":true,"href":"https:\/\/www.kananas.com\/myassociation962\/wp-json\/wp\/v2\/users\/288"}],"replies":[{"embeddable":true,"href":"https:\/\/www.kananas.com\/myassociation962\/wp-json\/wp\/v2\/comments?post=5836"}],"version-history":[{"count":4,"href":"https:\/\/www.kananas.com\/myassociation962\/wp-json\/wp\/v2\/posts\/5836\/revisions"}],"predecessor-version":[{"id":5875,"href":"https:\/\/www.kananas.com\/myassociation962\/wp-json\/wp\/v2\/posts\/5836\/revisions\/5875"}],"wp:featuredmedia":[{"embeddable":true,"href":"https:\/\/www.kananas.com\/myassociation962\/wp-json\/wp\/v2\/media\/5839"}],"wp:attachment":[{"href":"https:\/\/www.kananas.com\/myassociation962\/wp-json\/wp\/v2\/media?parent=5836"}],"wp:term":[{"taxonomy":"category","embeddable":true,"href":"https:\/\/www.kananas.com\/myassociation962\/wp-json\/wp\/v2\/categories?post=5836"},{"taxonomy":"post_tag","embeddable":true,"href":"https:\/\/www.kananas.com\/myassociation962\/wp-json\/wp\/v2\/tags?post=5836"}],"curies":[{"name":"wp","href":"https:\/\/api.w.org\/{rel}","templated":true}]}}