{"id":5853,"date":"2022-02-23T16:42:54","date_gmt":"2022-02-23T15:42:54","guid":{"rendered":"http:\/\/www.kananas.com\/myassociation962\/?p=5853"},"modified":"2022-02-23T16:43:04","modified_gmt":"2022-02-23T15:43:04","slug":"election-au-cvs-2022-de-la-maison-de-gagny-1","status":"publish","type":"post","link":"https:\/\/www.kananas.com\/myassociation962\/election-au-cvs-2022-de-la-maison-de-gagny-1\/","title":{"rendered":"Election au CVS 2022 de la maison de Gagny 1."},"content":{"rendered":"<p style=\"text-align: justify\">Cette ann\u00e9e, trois candidats se sont pr\u00e9sent\u00e9s pour les \u00e9lections au Conseil de Vie Sociale (CVS). La participation et le dynamisme suscit\u00e9 par les votes, ont \u00e9t\u00e9 l\u2019occasion pour les jeunes comme pour les professionnels de la maison de discuter autour de l\u2019int\u00e9r\u00eat de s\u2019engager dans une d\u00e9marche citoyenne. L\u00e9oma Azor a \u00e9t\u00e9 \u00e9lu au premier tour et Omar Qamar au deuxi\u00e8me.<\/p>\n<p style=\"text-align: justify\">Une exp\u00e9rience int\u00e9ressante qui a permis de revenir, \u00e0 la demande des jeunes, sur les \u00e9lections pr\u00e9sidentielles prochaines d\u2019avril 2022. Nos jeunes se sentent concern\u00e9s et s\u2019interrogent sur les discours officiels de chaque candidat ! N\u2019est-ce pas l\u00e0, la vraie r\u00e9compense de la r\u00e9flexion engag\u00e9e \u00e0 l\u2019occasion de cette \u00e9lection au CVS 2022\u00a0?<\/p>\n<p style=\"text-align: right\">L\u2019\u00e9quipe de Gagny 1<\/p>\n","protected":false},"excerpt":{"rendered":"<p>Cette ann\u00e9e, trois candidats se sont pr\u00e9sent\u00e9s pour les \u00e9lections au Conseil de Vie Sociale (CVS). La participation et le<\/p>\n","protected":false},"author":288,"featured_media":5854,"comment_status":"closed","ping_status":"closed","sticky":false,"template":"","format":"standard","meta":{"colormag_page_container_layout":"default_layout","colormag_page_sidebar_layout":"default_layout","_crdt_document":"","footnotes":""},"categories":[198,4],"tags":[],"class_list":["post-5853","post","type-post","status-publish","format-standard","has-post-thumbnail","hentry","category-la-lettre-n77","category-vie-des-maisons"],"_links":{"self":[{"href":"https:\/\/www.kananas.com\/myassociation962\/wp-json\/wp\/v2\/posts\/5853","targetHints":{"allow":["GET"]}}],"collection":[{"href":"https:\/\/www.kananas.com\/myassociation962\/wp-json\/wp\/v2\/posts"}],"about":[{"href":"https:\/\/www.kananas.com\/myassociation962\/wp-json\/wp\/v2\/types\/post"}],"author":[{"embeddable":true,"href":"https:\/\/www.kananas.com\/myassociation962\/wp-json\/wp\/v2\/users\/288"}],"replies":[{"embeddable":true,"href":"https:\/\/www.kananas.com\/myassociation962\/wp-json\/wp\/v2\/comments?post=5853"}],"version-history":[{"count":2,"href":"https:\/\/www.kananas.com\/myassociation962\/wp-json\/wp\/v2\/posts\/5853\/revisions"}],"predecessor-version":[{"id":5856,"href":"https:\/\/www.kananas.com\/myassociation962\/wp-json\/wp\/v2\/posts\/5853\/revisions\/5856"}],"wp:featuredmedia":[{"embeddable":true,"href":"https:\/\/www.kananas.com\/myassociation962\/wp-json\/wp\/v2\/media\/5854"}],"wp:attachment":[{"href":"https:\/\/www.kananas.com\/myassociation962\/wp-json\/wp\/v2\/media?parent=5853"}],"wp:term":[{"taxonomy":"category","embeddable":true,"href":"https:\/\/www.kananas.com\/myassociation962\/wp-json\/wp\/v2\/categories?post=5853"},{"taxonomy":"post_tag","embeddable":true,"href":"https:\/\/www.kananas.com\/myassociation962\/wp-json\/wp\/v2\/tags?post=5853"}],"curies":[{"name":"wp","href":"https:\/\/api.w.org\/{rel}","templated":true}]}}