{"id":6112,"date":"2022-12-06T20:09:32","date_gmt":"2022-12-06T19:09:32","guid":{"rendered":"https:\/\/www.kananas.com\/myassociation962\/?p=6112"},"modified":"2022-12-06T21:24:08","modified_gmt":"2022-12-06T20:24:08","slug":"des-jeunes-filles-de-mf-desolneux-en-maraude","status":"publish","type":"post","link":"https:\/\/www.kananas.com\/myassociation962\/des-jeunes-filles-de-mf-desolneux-en-maraude\/","title":{"rendered":"Des jeunes filles de MF Desolneux en maraude"},"content":{"rendered":"<p style=\"text-align: justify\"><span style=\"font-weight: 400\">Le mardi 1<\/span><span style=\"font-weight: 400\">er<\/span><span style=\"font-weight: 400\"> novembre, nous avons rencontr\u00e9 des jeunes b\u00e9n\u00e9voles de l\u2019association \u00ab\u00a0les quartiers du c\u0153ur 94\u00a0\u00bb et nous nous sommes rendus tous ensemble \u00e0 la Gare de Lyon afin d\u2019effectuer des distributions de nourriture et de v\u00eatements aux sans-abris.<\/span><\/p>\n<p style=\"text-align: justify\"><span style=\"font-weight: 400\">Cette initiative a permis \u00e0 trois adolescentes de la maison Marie Foilaine Desolneux de Coubron de mesurer les difficult\u00e9s de ces personnes en d\u00e9tresse.\u00a0<\/span><\/p>\n<p style=\"text-align: justify\"><span style=\"font-weight: 400\">Puis nous avons \u00e9chang\u00e9 autour d\u2019un repas avec les jeunes b\u00e9n\u00e9voles et le directeur de l\u2019association. Nos filles ont pu tisser des liens avec les autres adolescents.<\/span><\/p>\n<p style=\"text-align: justify\"><span style=\"font-weight: 400\">Sur le chemin du retour, nous avons longuement discut\u00e9 de cette soir\u00e9e\u00a0; toutes ont \u00e9t\u00e9 ravies de l\u2019exp\u00e9rience et ont souhait\u00e9 renouveler cette action plus souvent.<\/span><\/p>\n<p style=\"text-align: justify\"><span style=\"font-weight: 400\">Notre objectif est bien d\u2019inscrire ce projet dans la dur\u00e9e, afin de pouvoir ancrer la valeur d\u2019entraide chez nos jeunes.<\/span><\/p>\n<p>&nbsp;<\/p>\n<p style=\"text-align: right\"><span style=\"font-weight: 400\">Ryan NAAMANI\u00a0<\/span><\/p>\n<p style=\"text-align: right\"><i><span style=\"font-weight: 400\">Apprenti \u00e9ducateur sp\u00e9cialis\u00e9 en 3<\/span><\/i><i><span style=\"font-weight: 400\">\u00e8me<\/span><\/i><i><span style=\"font-weight: 400\"> ann\u00e9e.<\/span><\/i><\/p>\n","protected":false},"excerpt":{"rendered":"<p>Le mardi 1er novembre, nous avons rencontr\u00e9 des jeunes b\u00e9n\u00e9voles de l\u2019association \u00ab\u00a0les quartiers du c\u0153ur 94\u00a0\u00bb et nous nous<\/p>\n","protected":false},"author":288,"featured_media":6121,"comment_status":"closed","ping_status":"closed","sticky":false,"template":"","format":"standard","meta":{"colormag_page_container_layout":"default_layout","colormag_page_sidebar_layout":"default_layout","_crdt_document":"","footnotes":""},"categories":[218,4],"tags":[217],"class_list":["post-6112","post","type-post","status-publish","format-standard","has-post-thumbnail","hentry","category-la-lettre-n79","category-vie-des-maisons","tag-ryan-naamani"],"_links":{"self":[{"href":"https:\/\/www.kananas.com\/myassociation962\/wp-json\/wp\/v2\/posts\/6112","targetHints":{"allow":["GET"]}}],"collection":[{"href":"https:\/\/www.kananas.com\/myassociation962\/wp-json\/wp\/v2\/posts"}],"about":[{"href":"https:\/\/www.kananas.com\/myassociation962\/wp-json\/wp\/v2\/types\/post"}],"author":[{"embeddable":true,"href":"https:\/\/www.kananas.com\/myassociation962\/wp-json\/wp\/v2\/users\/288"}],"replies":[{"embeddable":true,"href":"https:\/\/www.kananas.com\/myassociation962\/wp-json\/wp\/v2\/comments?post=6112"}],"version-history":[{"count":1,"href":"https:\/\/www.kananas.com\/myassociation962\/wp-json\/wp\/v2\/posts\/6112\/revisions"}],"predecessor-version":[{"id":6113,"href":"https:\/\/www.kananas.com\/myassociation962\/wp-json\/wp\/v2\/posts\/6112\/revisions\/6113"}],"wp:featuredmedia":[{"embeddable":true,"href":"https:\/\/www.kananas.com\/myassociation962\/wp-json\/wp\/v2\/media\/6121"}],"wp:attachment":[{"href":"https:\/\/www.kananas.com\/myassociation962\/wp-json\/wp\/v2\/media?parent=6112"}],"wp:term":[{"taxonomy":"category","embeddable":true,"href":"https:\/\/www.kananas.com\/myassociation962\/wp-json\/wp\/v2\/categories?post=6112"},{"taxonomy":"post_tag","embeddable":true,"href":"https:\/\/www.kananas.com\/myassociation962\/wp-json\/wp\/v2\/tags?post=6112"}],"curies":[{"name":"wp","href":"https:\/\/api.w.org\/{rel}","templated":true}]}}