{"id":6157,"date":"2022-12-12T17:36:45","date_gmt":"2022-12-12T16:36:45","guid":{"rendered":"https:\/\/www.kananas.com\/myassociation962\/?p=6157"},"modified":"2022-12-12T22:02:08","modified_gmt":"2022-12-12T21:02:08","slug":"les-ateliers-medicis-a-chevreul","status":"publish","type":"post","link":"https:\/\/www.kananas.com\/myassociation962\/les-ateliers-medicis-a-chevreul\/","title":{"rendered":"Les Ateliers M\u00e9dicis \u00e0 Chevreul"},"content":{"rendered":"<p><img loading=\"lazy\" decoding=\"async\" class=\"wp-image-6158 alignright\" style=\"text-align: right\" src=\"https:\/\/www.kananas.com\/myassociation962\/wp-content\/uploads\/sites\/280\/2022\/12\/2022-Chevreul-atelier-Medicis-1.jpg\" alt=\"\" width=\"152\" height=\"270\" srcset=\"https:\/\/www.kananas.com\/myassociation962\/wp-content\/uploads\/sites\/280\/2022\/12\/2022-Chevreul-atelier-Medicis-1.jpg 900w, https:\/\/www.kananas.com\/myassociation962\/wp-content\/uploads\/sites\/280\/2022\/12\/2022-Chevreul-atelier-Medicis-1-169x300.jpg 169w, https:\/\/www.kananas.com\/myassociation962\/wp-content\/uploads\/sites\/280\/2022\/12\/2022-Chevreul-atelier-Medicis-1-576x1024.jpg 576w, https:\/\/www.kananas.com\/myassociation962\/wp-content\/uploads\/sites\/280\/2022\/12\/2022-Chevreul-atelier-Medicis-1-768x1365.jpg 768w, https:\/\/www.kananas.com\/myassociation962\/wp-content\/uploads\/sites\/280\/2022\/12\/2022-Chevreul-atelier-Medicis-1-864x1536.jpg 864w\" sizes=\"auto, (max-width: 152px) 100vw, 152px\" \/><\/p>\n<p style=\"text-align: justify\"><span style=\"font-weight: 400\">Nous avons cette ann\u00e9e encore p\u00e9rennis\u00e9 notre partenariat avec les Ateliers M\u00e9dicis.<\/span><\/p>\n<p style=\"text-align: justify\"><span style=\"font-weight: 400\">La maison Chevreul a accueilli l\u2019artiste Talita. Pendant plusieurs mois, elle a initi\u00e9 les jeunes \u00e0 l\u2019art du mixage, \u00e0 la d\u00e9couverte de la production de sons et de la musique dans sa grande vari\u00e9t\u00e9. Ces s\u00e9quences particuli\u00e8rement appr\u00e9ci\u00e9es ont permis \u00e0 chacun des sept participants d\u2019exprimer musicalement son \u00e9motion du moment.<\/span><\/p>\n<p style=\"text-align: justify\"><span style=\"font-weight: 400\">L\u2019aventure a \u00e9t\u00e9 passionnante, mais l\u2019\u00e9quipe \u00e9ducative n\u2019a pu la renouveler car les enfants accueillis r\u00e9cemment par Chevreul sont plus jeunes alors que les Ateliers M\u00e9dicis axent leurs propositions en direction des grands adolescents.<\/span><\/p>\n<p><span style=\"font-weight: 400\">Amandine Dufoss\u00e9 cheffe\u00a0 de service de la maison Chevreul\/SAM\u00a0<\/span><\/p>\n<p style=\"text-align: right\"><img loading=\"lazy\" decoding=\"async\" class=\"aligncenter wp-image-6159\" src=\"https:\/\/www.kananas.com\/myassociation962\/wp-content\/uploads\/sites\/280\/2022\/12\/2022-Chevreul-atelier-Medicis-3.jpg\" alt=\"\" width=\"530\" height=\"942\" srcset=\"https:\/\/www.kananas.com\/myassociation962\/wp-content\/uploads\/sites\/280\/2022\/12\/2022-Chevreul-atelier-Medicis-3.jpg 900w, https:\/\/www.kananas.com\/myassociation962\/wp-content\/uploads\/sites\/280\/2022\/12\/2022-Chevreul-atelier-Medicis-3-169x300.jpg 169w, https:\/\/www.kananas.com\/myassociation962\/wp-content\/uploads\/sites\/280\/2022\/12\/2022-Chevreul-atelier-Medicis-3-576x1024.jpg 576w, https:\/\/www.kananas.com\/myassociation962\/wp-content\/uploads\/sites\/280\/2022\/12\/2022-Chevreul-atelier-Medicis-3-768x1365.jpg 768w, https:\/\/www.kananas.com\/myassociation962\/wp-content\/uploads\/sites\/280\/2022\/12\/2022-Chevreul-atelier-Medicis-3-864x1536.jpg 864w\" sizes=\"auto, (max-width: 530px) 100vw, 530px\" \/><\/p>\n","protected":false},"excerpt":{"rendered":"<p>Nous avons cette ann\u00e9e encore p\u00e9rennis\u00e9 notre partenariat avec les Ateliers M\u00e9dicis. La maison Chevreul a accueilli l\u2019artiste Talita. Pendant<\/p>\n","protected":false},"author":288,"featured_media":6160,"comment_status":"closed","ping_status":"closed","sticky":false,"template":"","format":"standard","meta":{"colormag_page_container_layout":"default_layout","colormag_page_sidebar_layout":"default_layout","_crdt_document":"","footnotes":""},"categories":[218,4],"tags":[122],"class_list":["post-6157","post","type-post","status-publish","format-standard","has-post-thumbnail","hentry","category-la-lettre-n79","category-vie-des-maisons","tag-amandine-dufosse"],"_links":{"self":[{"href":"https:\/\/www.kananas.com\/myassociation962\/wp-json\/wp\/v2\/posts\/6157","targetHints":{"allow":["GET"]}}],"collection":[{"href":"https:\/\/www.kananas.com\/myassociation962\/wp-json\/wp\/v2\/posts"}],"about":[{"href":"https:\/\/www.kananas.com\/myassociation962\/wp-json\/wp\/v2\/types\/post"}],"author":[{"embeddable":true,"href":"https:\/\/www.kananas.com\/myassociation962\/wp-json\/wp\/v2\/users\/288"}],"replies":[{"embeddable":true,"href":"https:\/\/www.kananas.com\/myassociation962\/wp-json\/wp\/v2\/comments?post=6157"}],"version-history":[{"count":6,"href":"https:\/\/www.kananas.com\/myassociation962\/wp-json\/wp\/v2\/posts\/6157\/revisions"}],"predecessor-version":[{"id":6173,"href":"https:\/\/www.kananas.com\/myassociation962\/wp-json\/wp\/v2\/posts\/6157\/revisions\/6173"}],"wp:featuredmedia":[{"embeddable":true,"href":"https:\/\/www.kananas.com\/myassociation962\/wp-json\/wp\/v2\/media\/6160"}],"wp:attachment":[{"href":"https:\/\/www.kananas.com\/myassociation962\/wp-json\/wp\/v2\/media?parent=6157"}],"wp:term":[{"taxonomy":"category","embeddable":true,"href":"https:\/\/www.kananas.com\/myassociation962\/wp-json\/wp\/v2\/categories?post=6157"},{"taxonomy":"post_tag","embeddable":true,"href":"https:\/\/www.kananas.com\/myassociation962\/wp-json\/wp\/v2\/tags?post=6157"}],"curies":[{"name":"wp","href":"https:\/\/api.w.org\/{rel}","templated":true}]}}