{"id":6175,"date":"2022-12-05T22:46:13","date_gmt":"2022-12-05T21:46:13","guid":{"rendered":"https:\/\/www.kananas.com\/myassociation962\/?p=6175"},"modified":"2023-02-07T10:56:07","modified_gmt":"2023-02-07T09:56:07","slug":"inauguration-du-sepad","status":"publish","type":"post","link":"https:\/\/www.kananas.com\/myassociation962\/inauguration-du-sepad\/","title":{"rendered":"Inauguration du SEPAD"},"content":{"rendered":"<p>&nbsp;<\/p>\n<figure id=\"attachment_6179\" aria-describedby=\"caption-attachment-6179\" style=\"width: 326px\" class=\"wp-caption alignleft\"><img loading=\"lazy\" decoding=\"async\" class=\"wp-image-6179\" src=\"https:\/\/www.kananas.com\/myassociation962\/wp-content\/uploads\/sites\/280\/2022\/12\/2022-11-30-inauguration-SEPAD-PG-1-scaled.jpg\" alt=\"\" width=\"326\" height=\"251\" srcset=\"https:\/\/www.kananas.com\/myassociation962\/wp-content\/uploads\/sites\/280\/2022\/12\/2022-11-30-inauguration-SEPAD-PG-1-scaled.jpg 2560w, https:\/\/www.kananas.com\/myassociation962\/wp-content\/uploads\/sites\/280\/2022\/12\/2022-11-30-inauguration-SEPAD-PG-1-300x231.jpg 300w, https:\/\/www.kananas.com\/myassociation962\/wp-content\/uploads\/sites\/280\/2022\/12\/2022-11-30-inauguration-SEPAD-PG-1-1024x788.jpg 1024w, https:\/\/www.kananas.com\/myassociation962\/wp-content\/uploads\/sites\/280\/2022\/12\/2022-11-30-inauguration-SEPAD-PG-1-768x591.jpg 768w, https:\/\/www.kananas.com\/myassociation962\/wp-content\/uploads\/sites\/280\/2022\/12\/2022-11-30-inauguration-SEPAD-PG-1-1536x1182.jpg 1536w, https:\/\/www.kananas.com\/myassociation962\/wp-content\/uploads\/sites\/280\/2022\/12\/2022-11-30-inauguration-SEPAD-PG-1-2048x1576.jpg 2048w\" sizes=\"auto, (max-width: 326px) 100vw, 326px\" \/><figcaption id=\"caption-attachment-6179\" class=\"wp-caption-text\">De gauche \u00e0 droite : M. Martin, maire de Livry-Gargan, \u00c9ric Bertherat, directeur du SEPAD, Mme Azoug, vice-pr\u00e9sidente du Conseil d\u00e9partemental, Claude Chirouse, pr\u00e9sident de Concorde<\/figcaption><\/figure>\n<p style=\"text-align: justify\"><span style=\"font-weight: 400\"> Mercredi 30 novembre le SEPAD (Service \u00c9ducatif de Protection et d\u2019Accompagnement \u00e0 Domicile) qui s\u2019\u00e9tait install\u00e9 dans un grand pavillon de Livry-Gargan pendant l\u2019\u00e9t\u00e9 \u00e9tait officiellement inaugur\u00e9. Toute l\u2019\u00e9quipe avait soign\u00e9 l\u2019accueil : une maison d\u00e9cor\u00e9e avec go\u00fbt, des personnels et des jeunes souriants et efficaces, une animation intelligente, avec des lieux d\u00e9di\u00e9s o\u00f9 l\u2019on pouvait suivre, \u00e0 l\u2019\u00e9tage, gr\u00e2ce \u00e0 un diaporama, le travail rigoureux, complexe et bienveillant de l\u2019\u00e9quipe du SEPAD, et au sous-sol participer \u00e0 un atelier peinture o\u00f9 chacun \u00e9tait invit\u00e9 \u00e0 peindre un morceau d\u2019une fresque qui ornera l\u2019un des espaces d\u2019accueil. Tout avait \u00e9t\u00e9 fait pour que ce moment soit festif, \u00e9ducatif, instructif. Une telle organisation fait honneur \u00e0 toute l&rsquo;\u00e9quipe du SEPAD et \u00e0 Concorde.<\/span><\/p>\n<p>&nbsp;<\/p>\n<p><img loading=\"lazy\" decoding=\"async\" class=\" wp-image-6178 alignleft\" style=\"text-align: justify\" src=\"https:\/\/www.kananas.com\/myassociation962\/wp-content\/uploads\/sites\/280\/2022\/12\/2022-11-30-Inaugturation-SEPAD-EB-5.jpg\" alt=\"\" width=\"290\" height=\"192\" srcset=\"https:\/\/www.kananas.com\/myassociation962\/wp-content\/uploads\/sites\/280\/2022\/12\/2022-11-30-Inaugturation-SEPAD-EB-5.jpg 520w, https:\/\/www.kananas.com\/myassociation962\/wp-content\/uploads\/sites\/280\/2022\/12\/2022-11-30-Inaugturation-SEPAD-EB-5-300x198.jpg 300w\" sizes=\"auto, (max-width: 290px) 100vw, 290px\" \/><\/p>\n<p style=\"text-align: justify\"><span style=\"font-weight: 400\">Apr\u00e8s avoir souhait\u00e9 la bienvenue \u00e0 Mme Azoug vice-pr\u00e9sidente du Conseil d\u00e9partemental, \u00e0 M. Martin, maire de Livry-Gargan, \u00e0 Mme la Directrice de l\u2019enfance et de la famille, aux partenaires et salari\u00e9s pr\u00e9sents, Claude Chirouse, pr\u00e9sident de Concorde, c\u00e9da la parole \u00e0 Mme Azoug qui avait d\u00e9j\u00e0 fait connaissance avec notre association d\u00e8s son \u00e9lection en se rendant dans notre maison de Coubron. Rappelant que le service inaugur\u00e9 ce jour offrait une belle alternative au placement en \u00e9tablissement en proposant des mesures de protection \u00e0 un enfant tout en le maintenant dans son environnement familial elle annon\u00e7ait que le d\u00e9partement avait d\u00e9cid\u00e9 d\u2019\u00e9tendre ce dispositif. Ce fut aussi pour elle l\u2019occasion de rendre un bel hommage au travail titanesque effectu\u00e9 par les professionnels qui aident quotidiennement \u00e0 r\u00e9parer des familles fragilis\u00e9es et meurtries.<\/span><\/p>\n<p style=\"text-align: justify\"><span style=\"font-weight: 400\"><img loading=\"lazy\" decoding=\"async\" class=\"wp-image-6234 alignleft\" src=\"https:\/\/www.kananas.com\/myassociation962\/wp-content\/uploads\/sites\/280\/2022\/12\/Capture-decran-2023-02-07-105229_censored.jpg\" alt=\"\" width=\"363\" height=\"490\" srcset=\"https:\/\/www.kananas.com\/myassociation962\/wp-content\/uploads\/sites\/280\/2022\/12\/Capture-decran-2023-02-07-105229_censored.jpg 718w, https:\/\/www.kananas.com\/myassociation962\/wp-content\/uploads\/sites\/280\/2022\/12\/Capture-decran-2023-02-07-105229_censored-222x300.jpg 222w\" sizes=\"auto, (max-width: 363px) 100vw, 363px\" \/>Pour sa part, \u00c9ric Bertherat, directeur du SEPAD, a pr\u00e9sent\u00e9 ce service qu\u2019il pilote avec engagement et passion. Un service qui se doit de fonctionner dans le cadre d\u2019une intervention intensive, globale, individualis\u00e9e et viser au d\u00e9veloppement des comp\u00e9tences parentales par une approche de soutien et de remobilisation. C\u2019est pourquoi le SEPAD, ouvert il y a quatre ans au sein de Concorde, d\u00e9veloppe un travail d\u2019\u00e9quipe pour trouver avec les parents des r\u00e9ponses adapt\u00e9es aux difficult\u00e9s rencontr\u00e9es par la famille. Depuis sa cr\u00e9ation il a accompagn\u00e9 237 enfants au sein de 131 familles sur dix communes du territoire. Ran\u00e7on de son succ\u00e8s mais aussi des besoins, les listes d\u2019attente s\u2019allongent pour mettre en \u0153uvre les mesures mandat\u00e9es par les magistrats.<\/span><\/p>\n<p style=\"text-align: justify\"><span style=\"font-weight: 400\">L\u2019apr\u00e8s-midi l\u2019\u00e9quipe, du SEPAD avait organis\u00e9 un go\u00fbter pour les jeunes et leurs parents. Le bar \u00e0 bonbons situ\u00e9 \u00e0 l\u2019\u00e9tage a enchant\u00e9 les papilles des petits enfants et des grands adultes. Un atelier maquillage est venu compl\u00e9ter ce temps festif et donner de la joie et du bonheur aux familles pr\u00e9sentes.\u00a0<\/span><\/p>\n<p style=\"text-align: right\"><span style=\"font-weight: 400\">Pierre Girault, vice-pr\u00e9sident de Concorde<\/span><\/p>\n","protected":false},"excerpt":{"rendered":"<p>&nbsp; Mercredi 30 novembre le SEPAD (Service \u00c9ducatif de Protection et d\u2019Accompagnement \u00e0 Domicile) qui s\u2019\u00e9tait install\u00e9 dans un grand<\/p>\n","protected":false},"author":288,"featured_media":6176,"comment_status":"closed","ping_status":"closed","sticky":false,"template":"","format":"standard","meta":{"colormag_page_container_layout":"default_layout","colormag_page_sidebar_layout":"default_layout","_crdt_document":"","footnotes":""},"categories":[218,5],"tags":[61],"class_list":["post-6175","post","type-post","status-publish","format-standard","has-post-thumbnail","hentry","category-la-lettre-n79","category-vie-de-lassociation","tag-pierre-girault"],"_links":{"self":[{"href":"https:\/\/www.kananas.com\/myassociation962\/wp-json\/wp\/v2\/posts\/6175","targetHints":{"allow":["GET"]}}],"collection":[{"href":"https:\/\/www.kananas.com\/myassociation962\/wp-json\/wp\/v2\/posts"}],"about":[{"href":"https:\/\/www.kananas.com\/myassociation962\/wp-json\/wp\/v2\/types\/post"}],"author":[{"embeddable":true,"href":"https:\/\/www.kananas.com\/myassociation962\/wp-json\/wp\/v2\/users\/288"}],"replies":[{"embeddable":true,"href":"https:\/\/www.kananas.com\/myassociation962\/wp-json\/wp\/v2\/comments?post=6175"}],"version-history":[{"count":5,"href":"https:\/\/www.kananas.com\/myassociation962\/wp-json\/wp\/v2\/posts\/6175\/revisions"}],"predecessor-version":[{"id":6236,"href":"https:\/\/www.kananas.com\/myassociation962\/wp-json\/wp\/v2\/posts\/6175\/revisions\/6236"}],"wp:featuredmedia":[{"embeddable":true,"href":"https:\/\/www.kananas.com\/myassociation962\/wp-json\/wp\/v2\/media\/6176"}],"wp:attachment":[{"href":"https:\/\/www.kananas.com\/myassociation962\/wp-json\/wp\/v2\/media?parent=6175"}],"wp:term":[{"taxonomy":"category","embeddable":true,"href":"https:\/\/www.kananas.com\/myassociation962\/wp-json\/wp\/v2\/categories?post=6175"},{"taxonomy":"post_tag","embeddable":true,"href":"https:\/\/www.kananas.com\/myassociation962\/wp-json\/wp\/v2\/tags?post=6175"}],"curies":[{"name":"wp","href":"https:\/\/api.w.org\/{rel}","templated":true}]}}