{"id":6194,"date":"2022-12-30T19:13:19","date_gmt":"2022-12-30T18:13:19","guid":{"rendered":"https:\/\/www.kananas.com\/myassociation962\/?p=6194"},"modified":"2023-01-02T23:06:25","modified_gmt":"2023-01-02T22:06:25","slug":"une-belle-fresque-pour-le-sepad","status":"publish","type":"post","link":"https:\/\/www.kananas.com\/myassociation962\/une-belle-fresque-pour-le-sepad\/","title":{"rendered":"Une belle fresque pour le SEPAD *"},"content":{"rendered":"<p style=\"text-align: justify\"><span style=\"font-weight: 400\"><img loading=\"lazy\" decoding=\"async\" class=\" wp-image-6195 alignleft\" src=\"https:\/\/www.kananas.com\/myassociation962\/wp-content\/uploads\/sites\/280\/2023\/01\/SEPAD-fresque-murale-2022-11-3-rotated.jpg\" alt=\"\" width=\"162\" height=\"216\" srcset=\"https:\/\/www.kananas.com\/myassociation962\/wp-content\/uploads\/sites\/280\/2023\/01\/SEPAD-fresque-murale-2022-11-3-rotated.jpg 480w, https:\/\/www.kananas.com\/myassociation962\/wp-content\/uploads\/sites\/280\/2023\/01\/SEPAD-fresque-murale-2022-11-3-225x300.jpg 225w\" sizes=\"auto, (max-width: 162px) 100vw, 162px\" \/>Nous \u00e9crivions sur notre site le 5 d\u00e9cembre, que l\u2019inauguration des locaux du SEPAD \u00e0 Livry-Gargan avait \u00e9t\u00e9 l\u2019occasion de lancer \u00ab\u00a0<\/span><i><span style=\"font-weight: 400\">un atelier peinture o\u00f9 chacun \u00e9tait invit\u00e9 \u00e0 peindre un morceau d\u2019une fresque qui ornera l\u2019un des espaces d\u2019accueil<\/span><\/i><span style=\"font-weight: 400\"> \u00bb. Cette belle initiative participative s\u2019est poursuivie et d\u00e9sormais la salle d\u2019activit\u00e9s est illumin\u00e9e par une magnifique mosa\u00efque murale. Cet \u00e9clair de lumi\u00e8re t\u00e9moigne une fois encore de l\u2019attention que les \u00e9quipes de Concorde, et donc celle du SEPAD, attachent au cadre vie et \u00e0 la qualit\u00e9 de l\u2019accueil des jeunes et des familles.<\/span><\/p>\n<p style=\"text-align: right\"><span style=\"font-weight: 400\">Bravo aux artisans de cette belle \u0153uvre.<\/span><\/p>\n<p style=\"text-align: right\"><span style=\"font-weight: 400\">Pierre Girault, vice-pr\u00e9sident,<\/span><\/p>\n<p style=\"text-align: right\"><span style=\"font-weight: 400\">* Service \u00c9ducatif de Protection et d\u2019Accompagnement \u00e0 Domicile<\/span><\/p>\n","protected":false},"excerpt":{"rendered":"<p>Nous \u00e9crivions sur notre site le 5 d\u00e9cembre, que l\u2019inauguration des locaux du SEPAD \u00e0 Livry-Gargan avait \u00e9t\u00e9 l\u2019occasion de<\/p>\n","protected":false},"author":288,"featured_media":6196,"comment_status":"closed","ping_status":"closed","sticky":false,"template":"","format":"standard","meta":{"colormag_page_container_layout":"default_layout","colormag_page_sidebar_layout":"default_layout","_crdt_document":"","footnotes":""},"categories":[218,4],"tags":[61],"class_list":["post-6194","post","type-post","status-publish","format-standard","has-post-thumbnail","hentry","category-la-lettre-n79","category-vie-des-maisons","tag-pierre-girault"],"_links":{"self":[{"href":"https:\/\/www.kananas.com\/myassociation962\/wp-json\/wp\/v2\/posts\/6194","targetHints":{"allow":["GET"]}}],"collection":[{"href":"https:\/\/www.kananas.com\/myassociation962\/wp-json\/wp\/v2\/posts"}],"about":[{"href":"https:\/\/www.kananas.com\/myassociation962\/wp-json\/wp\/v2\/types\/post"}],"author":[{"embeddable":true,"href":"https:\/\/www.kananas.com\/myassociation962\/wp-json\/wp\/v2\/users\/288"}],"replies":[{"embeddable":true,"href":"https:\/\/www.kananas.com\/myassociation962\/wp-json\/wp\/v2\/comments?post=6194"}],"version-history":[{"count":5,"href":"https:\/\/www.kananas.com\/myassociation962\/wp-json\/wp\/v2\/posts\/6194\/revisions"}],"predecessor-version":[{"id":6201,"href":"https:\/\/www.kananas.com\/myassociation962\/wp-json\/wp\/v2\/posts\/6194\/revisions\/6201"}],"wp:featuredmedia":[{"embeddable":true,"href":"https:\/\/www.kananas.com\/myassociation962\/wp-json\/wp\/v2\/media\/6196"}],"wp:attachment":[{"href":"https:\/\/www.kananas.com\/myassociation962\/wp-json\/wp\/v2\/media?parent=6194"}],"wp:term":[{"taxonomy":"category","embeddable":true,"href":"https:\/\/www.kananas.com\/myassociation962\/wp-json\/wp\/v2\/categories?post=6194"},{"taxonomy":"post_tag","embeddable":true,"href":"https:\/\/www.kananas.com\/myassociation962\/wp-json\/wp\/v2\/tags?post=6194"}],"curies":[{"name":"wp","href":"https:\/\/api.w.org\/{rel}","templated":true}]}}