{"id":6215,"date":"2023-01-06T09:00:59","date_gmt":"2023-01-06T08:00:59","guid":{"rendered":"https:\/\/www.kananas.com\/myassociation962\/?p=6215"},"modified":"2023-01-10T09:05:10","modified_gmt":"2023-01-10T08:05:10","slug":"confidences-au-pere-noel-dans-la-maison-marie-foilaine-desolneux","status":"publish","type":"post","link":"https:\/\/www.kananas.com\/myassociation962\/confidences-au-pere-noel-dans-la-maison-marie-foilaine-desolneux\/","title":{"rendered":"Confidences au p\u00e8re No\u00ebl dans la Maison Marie Foilaine Desolneux"},"content":{"rendered":"<p style=\"text-align: justify\"><i><span style=\"font-weight: 400\">La soir\u00e9e de No\u00ebl fut un beau moment de partage autour d\u2019un d\u00e9licieux repas apr\u00e8s lequel les jeunes nous ont offerts un beau spectacle de \u00ab\u00a0battle de danse\u00a0\u00bb.<\/span><\/i><\/p>\n<p style=\"text-align: justify\"><i><span style=\"font-weight: 400\">C\u2019est ensuite le p\u00e8re No\u00ebl assist\u00e9 de sa joyeuse bande de lutins qui a fait son entr\u00e9e pour la distribution des cadeaux.<\/span><\/i><\/p>\n<p style=\"text-align: justify\"><i><span style=\"font-weight: 400\">Un grand merci aux jeunes et \u00e0 toute l\u2019\u00e9quipe de la maison Marie Foilaine Desolneux pour son accueil chaleureux et les bons moments partag\u00e9s.<\/span><\/i><\/p>\n<p style=\"text-align: right\"><i><span style=\"font-weight: 400\">Yol\u00e8ne B., assistante de direction et Sylvie D., administratrice.<\/span><\/i><\/p>\n","protected":false},"excerpt":{"rendered":"<p>La soir\u00e9e de No\u00ebl fut un beau moment de partage autour d\u2019un d\u00e9licieux repas apr\u00e8s lequel les jeunes nous ont<\/p>\n","protected":false},"author":288,"featured_media":6216,"comment_status":"closed","ping_status":"closed","sticky":false,"template":"","format":"standard","meta":{"colormag_page_container_layout":"default_layout","colormag_page_sidebar_layout":"default_layout","_crdt_document":"","footnotes":""},"categories":[218,4],"tags":[223,222],"class_list":["post-6215","post","type-post","status-publish","format-standard","has-post-thumbnail","hentry","category-la-lettre-n79","category-vie-des-maisons","tag-sylvie-d","tag-yolene-b"],"_links":{"self":[{"href":"https:\/\/www.kananas.com\/myassociation962\/wp-json\/wp\/v2\/posts\/6215","targetHints":{"allow":["GET"]}}],"collection":[{"href":"https:\/\/www.kananas.com\/myassociation962\/wp-json\/wp\/v2\/posts"}],"about":[{"href":"https:\/\/www.kananas.com\/myassociation962\/wp-json\/wp\/v2\/types\/post"}],"author":[{"embeddable":true,"href":"https:\/\/www.kananas.com\/myassociation962\/wp-json\/wp\/v2\/users\/288"}],"replies":[{"embeddable":true,"href":"https:\/\/www.kananas.com\/myassociation962\/wp-json\/wp\/v2\/comments?post=6215"}],"version-history":[{"count":1,"href":"https:\/\/www.kananas.com\/myassociation962\/wp-json\/wp\/v2\/posts\/6215\/revisions"}],"predecessor-version":[{"id":6217,"href":"https:\/\/www.kananas.com\/myassociation962\/wp-json\/wp\/v2\/posts\/6215\/revisions\/6217"}],"wp:featuredmedia":[{"embeddable":true,"href":"https:\/\/www.kananas.com\/myassociation962\/wp-json\/wp\/v2\/media\/6216"}],"wp:attachment":[{"href":"https:\/\/www.kananas.com\/myassociation962\/wp-json\/wp\/v2\/media?parent=6215"}],"wp:term":[{"taxonomy":"category","embeddable":true,"href":"https:\/\/www.kananas.com\/myassociation962\/wp-json\/wp\/v2\/categories?post=6215"},{"taxonomy":"post_tag","embeddable":true,"href":"https:\/\/www.kananas.com\/myassociation962\/wp-json\/wp\/v2\/tags?post=6215"}],"curies":[{"name":"wp","href":"https:\/\/api.w.org\/{rel}","templated":true}]}}