{"id":6229,"date":"2023-01-04T16:37:22","date_gmt":"2023-01-04T15:37:22","guid":{"rendered":"https:\/\/www.kananas.com\/myassociation962\/?p=6229"},"modified":"2023-02-04T16:39:19","modified_gmt":"2023-02-04T15:39:19","slug":"la-maison-marie-foilaine-desolneux-a-decouvert-les-marches-alsaciens","status":"publish","type":"post","link":"https:\/\/www.kananas.com\/myassociation962\/la-maison-marie-foilaine-desolneux-a-decouvert-les-marches-alsaciens\/","title":{"rendered":"La maison Marie Foilaine Desolneux a d\u00e9couvert les march\u00e9s alsaciens"},"content":{"rendered":"<p style=\"text-align: justify\"><img loading=\"lazy\" decoding=\"async\" class=\" wp-image-6231 alignleft\" src=\"https:\/\/www.kananas.com\/myassociation962\/wp-content\/uploads\/sites\/280\/2023\/02\/2022-12-MFD-Alsace-4.jpg\" alt=\"\" width=\"269\" height=\"359\" srcset=\"https:\/\/www.kananas.com\/myassociation962\/wp-content\/uploads\/sites\/280\/2023\/02\/2022-12-MFD-Alsace-4.jpg 1536w, https:\/\/www.kananas.com\/myassociation962\/wp-content\/uploads\/sites\/280\/2023\/02\/2022-12-MFD-Alsace-4-225x300.jpg 225w, https:\/\/www.kananas.com\/myassociation962\/wp-content\/uploads\/sites\/280\/2023\/02\/2022-12-MFD-Alsace-4-768x1024.jpg 768w, https:\/\/www.kananas.com\/myassociation962\/wp-content\/uploads\/sites\/280\/2023\/02\/2022-12-MFD-Alsace-4-1152x1536.jpg 1152w\" sizes=\"auto, (max-width: 269px) 100vw, 269px\" \/>Partis pour Haguenau le 19 d\u00e9cembre au matin avec sept jeunes, arriv\u00e9s au milieu de l\u2019apr\u00e8s-midi, \u00e0 peine d\u00e9barqu\u00e9s, ayant tout juste pris possession de la maison qui allait devenir la n\u00f4tre pour trois jours et deux nuits, nous sommes ressortis braver le froid et la neige en direction de notre premier march\u00e9 de No\u00ebl. Nous avons alors pu nous impr\u00e9gner des odeurs de vin chaud, des churros, des \u00ab\u00a0apfelkiechle\u00a0\u00bb et autres \u00ab\u00a0flamenk\u00fcche\u00a0\u00bb et du son particulier de l\u2019accent alsacien, des rep\u00e8res qui allaient devenir notre quotidien.<\/p>\n<p style=\"text-align: justify\">Le lendemain, direction de Colmar. Nous avons aim\u00e9 ce joli march\u00e9 qui traverse le centre-ville et ses maisons typiques et joliment d\u00e9cor\u00e9es pour l\u2019occasion.<\/p>\n<p style=\"text-align: justify\">Enfin, le dernier jour a \u00e9t\u00e9 r\u00e9serv\u00e9 \u00e0 la capitale des march\u00e9s de No\u00ebl\u00a0: Strasbourg et sa cath\u00e9drale. Une promenade en bateau nous a fourni l\u2019occasion d\u2019en apprendre davantage sur l\u2019architecture et la cr\u00e9ation de cette ville\u2026 \u00e0 condition de ne pas s\u00e9lectionner l\u2019audiodescription en allemand\u00a0!<\/p>\n<p style=\"text-align: justify\">Au-del\u00e0 de ces longues balades o\u00f9 le froid rougit nos joues, nous avons aussi connu des moments plus calmes \u00e0 confectionner tous ensemble des repas, partager des jeux et des batailles de boules de neige.<\/p>\n<p style=\"text-align: justify\">Ce s\u00e9jour a permis aux jeunes de profiter pleinement du d\u00e9but des vacances scolaires. Nous esp\u00e9rons qu\u2019ils se souviendront longtemps de ces moments et de cette r\u00e9gion !<\/p>\n<p style=\"text-align: right\"><i>Jessica \u2013 \u00c9ducatrice sp\u00e9cialis\u00e9e<\/i><\/p>\n","protected":false},"excerpt":{"rendered":"<p>Partis pour Haguenau le 19 d\u00e9cembre au matin avec sept jeunes, arriv\u00e9s au milieu de l\u2019apr\u00e8s-midi, \u00e0 peine d\u00e9barqu\u00e9s, ayant<\/p>\n","protected":false},"author":288,"featured_media":6230,"comment_status":"closed","ping_status":"closed","sticky":false,"template":"","format":"standard","meta":{"colormag_page_container_layout":"default_layout","colormag_page_sidebar_layout":"default_layout","_crdt_document":"","footnotes":""},"categories":[218,4],"tags":[214],"class_list":["post-6229","post","type-post","status-publish","format-standard","has-post-thumbnail","hentry","category-la-lettre-n79","category-vie-des-maisons","tag-jessica"],"_links":{"self":[{"href":"https:\/\/www.kananas.com\/myassociation962\/wp-json\/wp\/v2\/posts\/6229","targetHints":{"allow":["GET"]}}],"collection":[{"href":"https:\/\/www.kananas.com\/myassociation962\/wp-json\/wp\/v2\/posts"}],"about":[{"href":"https:\/\/www.kananas.com\/myassociation962\/wp-json\/wp\/v2\/types\/post"}],"author":[{"embeddable":true,"href":"https:\/\/www.kananas.com\/myassociation962\/wp-json\/wp\/v2\/users\/288"}],"replies":[{"embeddable":true,"href":"https:\/\/www.kananas.com\/myassociation962\/wp-json\/wp\/v2\/comments?post=6229"}],"version-history":[{"count":1,"href":"https:\/\/www.kananas.com\/myassociation962\/wp-json\/wp\/v2\/posts\/6229\/revisions"}],"predecessor-version":[{"id":6232,"href":"https:\/\/www.kananas.com\/myassociation962\/wp-json\/wp\/v2\/posts\/6229\/revisions\/6232"}],"wp:featuredmedia":[{"embeddable":true,"href":"https:\/\/www.kananas.com\/myassociation962\/wp-json\/wp\/v2\/media\/6230"}],"wp:attachment":[{"href":"https:\/\/www.kananas.com\/myassociation962\/wp-json\/wp\/v2\/media?parent=6229"}],"wp:term":[{"taxonomy":"category","embeddable":true,"href":"https:\/\/www.kananas.com\/myassociation962\/wp-json\/wp\/v2\/categories?post=6229"},{"taxonomy":"post_tag","embeddable":true,"href":"https:\/\/www.kananas.com\/myassociation962\/wp-json\/wp\/v2\/tags?post=6229"}],"curies":[{"name":"wp","href":"https:\/\/api.w.org\/{rel}","templated":true}]}}