{"id":6238,"date":"2023-02-14T20:32:20","date_gmt":"2023-02-14T19:32:20","guid":{"rendered":"https:\/\/www.kananas.com\/myassociation962\/?p=6238"},"modified":"2023-02-16T11:48:03","modified_gmt":"2023-02-16T10:48:03","slug":"voeux-2023-concorde-une-association-resolument-tournee-vers-lavenir","status":"publish","type":"post","link":"https:\/\/www.kananas.com\/myassociation962\/voeux-2023-concorde-une-association-resolument-tournee-vers-lavenir\/","title":{"rendered":"V\u0153ux 2023 Concorde, une association r\u00e9solument tourn\u00e9e vers l\u2019avenir"},"content":{"rendered":"<figure id=\"attachment_6240\" aria-describedby=\"caption-attachment-6240\" style=\"width: 406px\" class=\"wp-caption alignleft\"><img loading=\"lazy\" decoding=\"async\" class=\"wp-image-6240\" src=\"https:\/\/www.kananas.com\/myassociation962\/wp-content\/uploads\/sites\/280\/2023\/02\/Capture-decran-2023-02-14-201735.png\" alt=\"\" width=\"406\" height=\"268\" srcset=\"https:\/\/www.kananas.com\/myassociation962\/wp-content\/uploads\/sites\/280\/2023\/02\/Capture-decran-2023-02-14-201735.png 1434w, https:\/\/www.kananas.com\/myassociation962\/wp-content\/uploads\/sites\/280\/2023\/02\/Capture-decran-2023-02-14-201735-300x198.png 300w, https:\/\/www.kananas.com\/myassociation962\/wp-content\/uploads\/sites\/280\/2023\/02\/Capture-decran-2023-02-14-201735-1024x677.png 1024w, https:\/\/www.kananas.com\/myassociation962\/wp-content\/uploads\/sites\/280\/2023\/02\/Capture-decran-2023-02-14-201735-768x508.png 768w\" sizes=\"auto, (max-width: 406px) 100vw, 406px\" \/><figcaption id=\"caption-attachment-6240\" class=\"wp-caption-text\">Mme la Ministre accompagn\u00e9e de M. le Pr\u00e9fet, est accueillie par Claude Chirouse, pr\u00e9sident de Concorde, Florence Mazerat directrice g\u00e9n\u00e9rale, Madeleine Mathieu, membre du bureau, Yann Chatelin directeur g\u00e9n\u00e9ral adjoint.<\/figcaption><\/figure>\n<p style=\"text-align: justify\">Nous avons renou\u00e9 ce 26 janvier avec notre traditionnelle c\u00e9r\u00e9monie des v\u0153ux qui avait \u00e9t\u00e9 supprim\u00e9e durant deux ann\u00e9es \u00e0 cause de l\u2019\u00e9pid\u00e9mie de Covid.<\/p>\n<p style=\"text-align: justify\">A cette occasion, Madame Charlotte Caubel, Secr\u00e9taire d\u2019\u00c9tat en charge de l\u2019enfance aupr\u00e8s de la Premi\u00e8re Ministre, nous a honor\u00e9s de sa pr\u00e9sence. Ayant rappel\u00e9 qu\u2019elle avait pr\u00e9c\u00e9demment \u00e9t\u00e9 juge avant d\u2019occuper le poste de directrice de la PJJ au minist\u00e8re de la justice, elle a soulign\u00e9 combien il \u00e9tait important pour elle de se rendre sur le terrain et particuli\u00e8rement dans notre association qu\u2019elle connaissait bien.<\/p>\n<p>&nbsp;<\/p>\n<p>&nbsp;<\/p>\n<p>&nbsp;<\/p>\n<figure id=\"attachment_6241\" aria-describedby=\"caption-attachment-6241\" style=\"width: 225px\" class=\"wp-caption alignright\"><img loading=\"lazy\" decoding=\"async\" class=\"wp-image-6241\" src=\"https:\/\/www.kananas.com\/myassociation962\/wp-content\/uploads\/sites\/280\/2023\/02\/Capture-decran-2023-02-14-202106.png\" alt=\"\" width=\"225\" height=\"301\" srcset=\"https:\/\/www.kananas.com\/myassociation962\/wp-content\/uploads\/sites\/280\/2023\/02\/Capture-decran-2023-02-14-202106.png 1020w, https:\/\/www.kananas.com\/myassociation962\/wp-content\/uploads\/sites\/280\/2023\/02\/Capture-decran-2023-02-14-202106-224x300.png 224w, https:\/\/www.kananas.com\/myassociation962\/wp-content\/uploads\/sites\/280\/2023\/02\/Capture-decran-2023-02-14-202106-765x1024.png 765w, https:\/\/www.kananas.com\/myassociation962\/wp-content\/uploads\/sites\/280\/2023\/02\/Capture-decran-2023-02-14-202106-768x1028.png 768w\" sizes=\"auto, (max-width: 225px) 100vw, 225px\" \/><figcaption id=\"caption-attachment-6241\" class=\"wp-caption-text\">Madame Caubel, Secr\u00e9taire d\u2019Etat en charge de l\u2019Enfance lors de son intervention<\/figcaption><\/figure>\n<p style=\"text-align: justify\">Apr\u00e8s l\u2019avoir remerci\u00e9e de sa pr\u00e9sence et salu\u00e9 les personnalit\u00e9s pr\u00e9sentes ce jour-l\u00e0 dans nos locaux \u2013 le d\u00e9put\u00e9, le pr\u00e9fet, le directeur interr\u00e9gional de la protection judiciaire, la directrice de l\u2019enfance et de la famille de Seine-Saint-Denis, le directeur territorial du p\u00f4le solidarit\u00e9 des Hauts-de-Seine, les maires des communes sur le territoire desquelles se situent nos \u00e9tablissements &#8211; notre pr\u00e9sident Claude Chirouse a soulign\u00e9 combien ces rencontres annuelles nous tenaient \u00e0 c\u0153ur car elles permettent de r\u00e9unir lors d\u2019un moment de partage convivial tous ces diff\u00e9rents partenaires, les administrateurs, les adh\u00e9rents, le personnel, les jeunes et les amis de notre association Concorde. Apr\u00e8s avoir adress\u00e9 ses v\u0153ux \u00e0 tous , il a \u00e9voqu\u00e9 son pr\u00e9d\u00e9cesseur Alain Junqua qui a \u0153uvr\u00e9 durant vingt ann\u00e9es \u00e0 la pr\u00e9sidence de l\u2019association avant de d\u00e9c\u00e9der il y a tout juste deux ans. Puis il a c\u00e9d\u00e9 la parole \u00e0 notre Directrice g\u00e9n\u00e9rale Florence Mazerat.<\/p>\n<p style=\"text-align: justify\">Celle-ci, apr\u00e8s avoir salu\u00e9 l\u2019assistance, a donn\u00e9 quelques informations sur d\u2019importantes \u00e9volutions r\u00e9centes survenues dans l\u2019association et le d\u00e9veloppement de ses activit\u00e9s\u00a0:<\/p>\n<p style=\"text-align: justify\">&#8211; En r\u00e9ponse \u00e0 un appel \u00e0 projet, l\u2019ouverture au 1er janvier dernier du Dispositif d\u2019Accueil Personnalis\u00e9 92 pour 10 jeunes \u00ab\u00a0cas complexes\u00a0\u00bb du d\u00e9partement des Hauts-de- Seine.<\/p>\n<p style=\"text-align: justify\">&#8211; Une extension de l\u2019\u00e9tablissement Les Sorbiers de Villemomble, dont les jeunes pris en charge nous sont confi\u00e9s par le tribunal pour enfants de Bobigny, dans un pavillon situ\u00e9 \u00e0 Noisy le Sec.<\/p>\n<p>&nbsp;<\/p>\n<figure id=\"attachment_6242\" aria-describedby=\"caption-attachment-6242\" style=\"width: 322px\" class=\"wp-caption alignleft\"><img loading=\"lazy\" decoding=\"async\" class=\"wp-image-6242\" src=\"https:\/\/www.kananas.com\/myassociation962\/wp-content\/uploads\/sites\/280\/2023\/02\/Capture-decran-2023-02-14-201816.png\" alt=\"\" width=\"322\" height=\"240\" srcset=\"https:\/\/www.kananas.com\/myassociation962\/wp-content\/uploads\/sites\/280\/2023\/02\/Capture-decran-2023-02-14-201816.png 1132w, https:\/\/www.kananas.com\/myassociation962\/wp-content\/uploads\/sites\/280\/2023\/02\/Capture-decran-2023-02-14-201816-300x224.png 300w, https:\/\/www.kananas.com\/myassociation962\/wp-content\/uploads\/sites\/280\/2023\/02\/Capture-decran-2023-02-14-201816-1024x763.png 1024w, https:\/\/www.kananas.com\/myassociation962\/wp-content\/uploads\/sites\/280\/2023\/02\/Capture-decran-2023-02-14-201816-768x573.png 768w\" sizes=\"auto, (max-width: 322px) 100vw, 322px\" \/><figcaption id=\"caption-attachment-6242\" class=\"wp-caption-text\">Mme Caubel, Secr\u00e9taire d\u2019Etat, Florence Mazerat, Madeleine Mathieu, Jean- Marc Heller ancien magistrat, des pr\u00e9sences qui honorent Concorde<\/figcaption><\/figure>\n<p style=\"text-align: justify\">L\u2019association, a-t-elle confi\u00e9, compte d\u00e9sormais 270 salari\u00e9s qui prennent en charge plus de 350 mineurs et jeunes majeurs.<\/p>\n<p style=\"text-align: justify\">Apr\u00e8s avoir d\u00e9plor\u00e9 l\u2019insuffisance du salaire des personnels qui s\u2019investissent avec un engagement sans faille aupr\u00e8s des jeunes, elle a remerci\u00e9 les \u00e9quipes toutes confondues\u00a0 et particuli\u00e8rement ses proches collaborateurs ainsi que les administrateurs et Claude Chirouse notre pr\u00e9sident pour sa fid\u00e9lit\u00e9 ind\u00e9fectible \u00e0 l\u2019association depuis plusieurs d\u00e9cennies.<\/p>\n<p style=\"text-align: justify\">A son tour Madame Caubel est intervenue.<\/p>\n<p style=\"text-align: justify\">Apr\u00e8s les salutations d\u2019usage, elle a pr\u00e9sent\u00e9 ses priorit\u00e9s d\u2019action au minist\u00e8re pour 2023 qui se d\u00e9ploient sur 3 chantiers importants \u00a0:<\/p>\n<figure id=\"attachment_6243\" aria-describedby=\"caption-attachment-6243\" style=\"width: 336px\" class=\"wp-caption alignright\"><img loading=\"lazy\" decoding=\"async\" class=\"wp-image-6243\" src=\"https:\/\/www.kananas.com\/myassociation962\/wp-content\/uploads\/sites\/280\/2023\/02\/Capture-decran-2023-02-14-201844.png\" alt=\"\" width=\"336\" height=\"253\" srcset=\"https:\/\/www.kananas.com\/myassociation962\/wp-content\/uploads\/sites\/280\/2023\/02\/Capture-decran-2023-02-14-201844.png 1177w, https:\/\/www.kananas.com\/myassociation962\/wp-content\/uploads\/sites\/280\/2023\/02\/Capture-decran-2023-02-14-201844-300x226.png 300w, https:\/\/www.kananas.com\/myassociation962\/wp-content\/uploads\/sites\/280\/2023\/02\/Capture-decran-2023-02-14-201844-1024x771.png 1024w, https:\/\/www.kananas.com\/myassociation962\/wp-content\/uploads\/sites\/280\/2023\/02\/Capture-decran-2023-02-14-201844-768x578.png 768w\" sizes=\"auto, (max-width: 336px) 100vw, 336px\" \/><figcaption id=\"caption-attachment-6243\" class=\"wp-caption-text\">Apr\u00e8s les interventions, les conversations se poursuivent, aliment\u00e9es par un buffet dont les \u00e9quipes de cuisine de Concorde ont le secret.<\/figcaption><\/figure>\n<p style=\"text-align: justify\">&#8211; l\u2019am\u00e9lioration de la qualit\u00e9 des dispositifs de protection de l\u2019enfance en valorisant les jeunes qui en sont issus mais aussi les m\u00e9tiers afin de renforcer leur attractivit\u00e9,<\/p>\n<p style=\"text-align: justify\">&#8211; la continuation du combat contre les violences en particulier sexuelles subies par les enfants et la prostitution des mineurs,<\/p>\n<p style=\"text-align: justify\">&#8211; une meilleure protection des mineurs contre les risques que peuvent repr\u00e9senter les outils num\u00e9riques dont la p\u00e9dopornographie.<\/p>\n<p style=\"text-align: justify\">Elle a clos son discours en remerciant les professionnels, dont l\u2019investissement dans ce m\u00e9tier parfois difficile et \u00e9prouvant permet de redonner un avenir aux jeunes qui en semblent parfois d\u00e9pourvus, et les cadres, en particulier la DG Florence Mazerat, sur qui l\u2019\u00e9difice Concorde repose.<\/p>\n<p>&nbsp;<\/p>\n<p style=\"text-align: justify\"><img loading=\"lazy\" decoding=\"async\" class=\"wp-image-6244 alignleft\" src=\"https:\/\/www.kananas.com\/myassociation962\/wp-content\/uploads\/sites\/280\/2023\/02\/Capture-decran-2023-02-14-201919.png\" alt=\"\" width=\"328\" height=\"208\" srcset=\"https:\/\/www.kananas.com\/myassociation962\/wp-content\/uploads\/sites\/280\/2023\/02\/Capture-decran-2023-02-14-201919.png 1435w, https:\/\/www.kananas.com\/myassociation962\/wp-content\/uploads\/sites\/280\/2023\/02\/Capture-decran-2023-02-14-201919-300x190.png 300w, https:\/\/www.kananas.com\/myassociation962\/wp-content\/uploads\/sites\/280\/2023\/02\/Capture-decran-2023-02-14-201919-1024x649.png 1024w, https:\/\/www.kananas.com\/myassociation962\/wp-content\/uploads\/sites\/280\/2023\/02\/Capture-decran-2023-02-14-201919-768x487.png 768w\" sizes=\"auto, (max-width: 328px) 100vw, 328px\" \/><\/p>\n<p style=\"text-align: justify\">Cette c\u00e9r\u00e9monie s\u2019est achev\u00e9e autour d\u2019un magnifique et copieux buffet \u00e9labor\u00e9 par l\u2019ensemble des cuisiniers des maisons, aid\u00e9s par Philippe et Sophie qui nous r\u00e9galent au restaurant p\u00e9dagogique, avec le concours des jeunes, de l\u2019\u00e9quipe de la maison Marie Foilaine Desolneux, o\u00f9 tous les participants s\u2019\u00e9taient r\u00e9unis pour l\u2019occasion.<\/p>\n<p>&nbsp;<\/p>\n<p style=\"text-align: right\"><i>Ma\u00eft\u00e9 Griff\u00e9 Melchior, administratrice de Concorde<\/i><\/p>\n<p>&nbsp;<\/p>\n<p>&nbsp;<\/p>\n<p>\u201cA la tribune, de gauche \u00e0 droite, Madeleine Mathieu, avocate g\u00e9n\u00e9rale pr\u00e8s la Cour de cassation, membre du bureau de Concorde, Charlotte Caubel , secr\u00e9taire d\u2019Etat charg\u00e9e de l\u2019Enfance, Florence Mazerat directrice g\u00e9n\u00e9rale de Concorde, Claude Chirouse, pr\u00e9sident de Concorde\u201d.<\/p>\n<hr \/>\n<h3><b>Les hommes de l\u2019ombre<\/b><\/h3>\n<p style=\"text-align: justify\"><img loading=\"lazy\" decoding=\"async\" class=\"wp-image-6245 alignright\" src=\"https:\/\/www.kananas.com\/myassociation962\/wp-content\/uploads\/sites\/280\/2023\/02\/Capture-decran-2023-02-14-202228.png\" alt=\"\" width=\"324\" height=\"240\" srcset=\"https:\/\/www.kananas.com\/myassociation962\/wp-content\/uploads\/sites\/280\/2023\/02\/Capture-decran-2023-02-14-202228.png 1558w, https:\/\/www.kananas.com\/myassociation962\/wp-content\/uploads\/sites\/280\/2023\/02\/Capture-decran-2023-02-14-202228-300x222.png 300w, https:\/\/www.kananas.com\/myassociation962\/wp-content\/uploads\/sites\/280\/2023\/02\/Capture-decran-2023-02-14-202228-1024x758.png 1024w, https:\/\/www.kananas.com\/myassociation962\/wp-content\/uploads\/sites\/280\/2023\/02\/Capture-decran-2023-02-14-202228-768x568.png 768w, https:\/\/www.kananas.com\/myassociation962\/wp-content\/uploads\/sites\/280\/2023\/02\/Capture-decran-2023-02-14-202228-1536x1137.png 1536w\" sizes=\"auto, (max-width: 324px) 100vw, 324px\" \/>Sans eux la c\u00e9r\u00e9monie des v\u0153ux n\u2019aurait pas \u00e9t\u00e9 aussi r\u00e9ussie. Ils ont travaill\u00e9 sans rel\u00e2che deux jours durant pour installer le barnum, pr\u00e9parer la salle, soigner le cadre de vie.<\/p>\n<p style=\"text-align: justify\">Un grand merci \u00e0 eux.<\/p>\n<p style=\"text-align: right\">Florence Mazerat<\/p>\n<p>&nbsp;<\/p>\n<p>&nbsp;<\/p>\n<p>&nbsp;<\/p>\n<p>&nbsp;<\/p>\n<p>&nbsp;<\/p>\n<p>&nbsp;<\/p>\n<p>&nbsp;<\/p>\n<p>&nbsp;<\/p>\n<p>&nbsp;<\/p>\n<p>&nbsp;<\/p>\n<p>&nbsp;<\/p>\n<p>&nbsp;<\/p>\n<p>&nbsp;<\/p>\n<p>&nbsp;<\/p>\n<p>&nbsp;<\/p>\n<hr \/>\n","protected":false},"excerpt":{"rendered":"<p>Nous avons renou\u00e9 ce 26 janvier avec notre traditionnelle c\u00e9r\u00e9monie des v\u0153ux qui avait \u00e9t\u00e9 supprim\u00e9e durant deux ann\u00e9es \u00e0<\/p>\n","protected":false},"author":288,"featured_media":6239,"comment_status":"closed","ping_status":"closed","sticky":false,"template":"","format":"standard","meta":{"colormag_page_container_layout":"default_layout","colormag_page_sidebar_layout":"default_layout","_crdt_document":"","footnotes":""},"categories":[218,5],"tags":[59,212],"class_list":["post-6238","post","type-post","status-publish","format-standard","has-post-thumbnail","hentry","category-la-lettre-n79","category-vie-de-lassociation","tag-florence-mazerat","tag-maite-griffe-melchior"],"_links":{"self":[{"href":"https:\/\/www.kananas.com\/myassociation962\/wp-json\/wp\/v2\/posts\/6238","targetHints":{"allow":["GET"]}}],"collection":[{"href":"https:\/\/www.kananas.com\/myassociation962\/wp-json\/wp\/v2\/posts"}],"about":[{"href":"https:\/\/www.kananas.com\/myassociation962\/wp-json\/wp\/v2\/types\/post"}],"author":[{"embeddable":true,"href":"https:\/\/www.kananas.com\/myassociation962\/wp-json\/wp\/v2\/users\/288"}],"replies":[{"embeddable":true,"href":"https:\/\/www.kananas.com\/myassociation962\/wp-json\/wp\/v2\/comments?post=6238"}],"version-history":[{"count":7,"href":"https:\/\/www.kananas.com\/myassociation962\/wp-json\/wp\/v2\/posts\/6238\/revisions"}],"predecessor-version":[{"id":6253,"href":"https:\/\/www.kananas.com\/myassociation962\/wp-json\/wp\/v2\/posts\/6238\/revisions\/6253"}],"wp:featuredmedia":[{"embeddable":true,"href":"https:\/\/www.kananas.com\/myassociation962\/wp-json\/wp\/v2\/media\/6239"}],"wp:attachment":[{"href":"https:\/\/www.kananas.com\/myassociation962\/wp-json\/wp\/v2\/media?parent=6238"}],"wp:term":[{"taxonomy":"category","embeddable":true,"href":"https:\/\/www.kananas.com\/myassociation962\/wp-json\/wp\/v2\/categories?post=6238"},{"taxonomy":"post_tag","embeddable":true,"href":"https:\/\/www.kananas.com\/myassociation962\/wp-json\/wp\/v2\/tags?post=6238"}],"curies":[{"name":"wp","href":"https:\/\/api.w.org\/{rel}","templated":true}]}}