{"id":6362,"date":"2023-03-21T10:00:41","date_gmt":"2023-03-21T09:00:41","guid":{"rendered":"https:\/\/www.kananas.com\/myassociation962\/?p=6362"},"modified":"2023-06-22T10:09:08","modified_gmt":"2023-06-22T08:09:08","slug":"pour-la-caravane-apres-la-vendee-lalsace","status":"publish","type":"post","link":"https:\/\/www.kananas.com\/myassociation962\/pour-la-caravane-apres-la-vendee-lalsace\/","title":{"rendered":"Pour La Caravane, apr\u00e8s la Vend\u00e9e, l\u2019Alsace !"},"content":{"rendered":"<p style=\"text-align: justify\">Cette ann\u00e9e, pour les vacances d\u2019hiver, La Caravane a mis le cap sur la r\u00e9gion alsacienne plus pr\u00e9cis\u00e9ment sur la commune de Sermersheim situ\u00e9e \u00e0 35 km au sud de Strasbourg<\/p>\n<p style=\"text-align: justify\">C\u2019est avec un groupe de sept jeunes que nous avons partag\u00e9 cette aventure durant une semaine du 19 au 26 f\u00e9vrier 2023.<\/p>\n<p style=\"text-align: justify\"><img loading=\"lazy\" decoding=\"async\" class=\"wp-image-6366 alignleft\" src=\"https:\/\/www.kananas.com\/myassociation962\/wp-content\/uploads\/sites\/280\/2023\/03\/2023-02-La-Caravane1-rotated.jpg\" alt=\"\" width=\"303\" height=\"174\" srcset=\"https:\/\/www.kananas.com\/myassociation962\/wp-content\/uploads\/sites\/280\/2023\/03\/2023-02-La-Caravane1-rotated.jpg 516w, https:\/\/www.kananas.com\/myassociation962\/wp-content\/uploads\/sites\/280\/2023\/03\/2023-02-La-Caravane1-300x172.jpg 300w\" sizes=\"auto, (max-width: 303px) 100vw, 303px\" \/>Nous avons eu le bonheur d\u2019\u00eatre accueillis dans un g\u00eete d\u2019exception\u00a0!<\/p>\n<p style=\"text-align: justify\">Les jeunes ont pu d\u00e9couvrir les villes de Strasbourg, Colmar et m\u00eame S\u00e9lestat o\u00f9 nous avons d\u00e9jeun\u00e9 dans un restaurant asiatique au grand bonheur de tous.<\/p>\n<p style=\"text-align: justify\">Nous avons aussi visit\u00e9 la cath\u00e9drale de Strasbourg.<\/p>\n<p style=\"text-align: justify\">A la station de ski de Belmont, tous ont profit\u00e9 des pistes pour faire de la descente en luge et m\u00eame de la bou\u00e9e\u00a0! Entre bataille de boules de neige et course de luge, le fou rire \u00e9tait assur\u00e9.<\/p>\n<p style=\"text-align: justify\">Il y a eu aussi une sortie au Laser Game, une d\u00e9couverte pour les uns, l\u2019occasion de se perfectionner pour les autres.<\/p>\n<p>A bient\u00f4t pour un prochain s\u00e9jour fun et \u00e9ducatif\u00a0!<\/p>\n<p style=\"text-align: right\">Laakrout Houssine &amp; Alexis Tournay, \u00e9ducateurs<\/p>\n","protected":false},"excerpt":{"rendered":"<p>Cette ann\u00e9e, pour les vacances d\u2019hiver, La Caravane a mis le cap sur la r\u00e9gion alsacienne plus pr\u00e9cis\u00e9ment sur la<\/p>\n","protected":false},"author":288,"featured_media":6365,"comment_status":"closed","ping_status":"closed","sticky":false,"template":"","format":"standard","meta":{"colormag_page_container_layout":"default_layout","colormag_page_sidebar_layout":"default_layout","_crdt_document":"","footnotes":""},"categories":[225,4],"tags":[236,235],"class_list":["post-6362","post","type-post","status-publish","format-standard","has-post-thumbnail","hentry","category-la-lettre-n80","category-vie-des-maisons","tag-alexis-tournay","tag-laakrout-houssine"],"_links":{"self":[{"href":"https:\/\/www.kananas.com\/myassociation962\/wp-json\/wp\/v2\/posts\/6362","targetHints":{"allow":["GET"]}}],"collection":[{"href":"https:\/\/www.kananas.com\/myassociation962\/wp-json\/wp\/v2\/posts"}],"about":[{"href":"https:\/\/www.kananas.com\/myassociation962\/wp-json\/wp\/v2\/types\/post"}],"author":[{"embeddable":true,"href":"https:\/\/www.kananas.com\/myassociation962\/wp-json\/wp\/v2\/users\/288"}],"replies":[{"embeddable":true,"href":"https:\/\/www.kananas.com\/myassociation962\/wp-json\/wp\/v2\/comments?post=6362"}],"version-history":[{"count":2,"href":"https:\/\/www.kananas.com\/myassociation962\/wp-json\/wp\/v2\/posts\/6362\/revisions"}],"predecessor-version":[{"id":6367,"href":"https:\/\/www.kananas.com\/myassociation962\/wp-json\/wp\/v2\/posts\/6362\/revisions\/6367"}],"wp:featuredmedia":[{"embeddable":true,"href":"https:\/\/www.kananas.com\/myassociation962\/wp-json\/wp\/v2\/media\/6365"}],"wp:attachment":[{"href":"https:\/\/www.kananas.com\/myassociation962\/wp-json\/wp\/v2\/media?parent=6362"}],"wp:term":[{"taxonomy":"category","embeddable":true,"href":"https:\/\/www.kananas.com\/myassociation962\/wp-json\/wp\/v2\/categories?post=6362"},{"taxonomy":"post_tag","embeddable":true,"href":"https:\/\/www.kananas.com\/myassociation962\/wp-json\/wp\/v2\/tags?post=6362"}],"curies":[{"name":"wp","href":"https:\/\/api.w.org\/{rel}","templated":true}]}}