{"id":6406,"date":"2023-09-08T13:39:48","date_gmt":"2023-09-08T11:39:48","guid":{"rendered":"https:\/\/www.kananas.com\/myassociation962\/?p=6406"},"modified":"2023-09-18T13:43:37","modified_gmt":"2023-09-18T11:43:37","slug":"chevreul-sassocie-avec-le-centre-equestre-de-montfermeil","status":"publish","type":"post","link":"https:\/\/www.kananas.com\/myassociation962\/chevreul-sassocie-avec-le-centre-equestre-de-montfermeil\/","title":{"rendered":"Chevreul s\u2019associe avec le centre \u00e9questre de Montfermeil"},"content":{"rendered":"<p style=\"text-align: justify\"><img loading=\"lazy\" decoding=\"async\" class=\" wp-image-6408 alignleft\" src=\"https:\/\/www.kananas.com\/myassociation962\/wp-content\/uploads\/sites\/280\/2023\/09\/Chevreul-2023-centre-equestre-3.png\" alt=\"\" width=\"268\" height=\"334\" srcset=\"https:\/\/www.kananas.com\/myassociation962\/wp-content\/uploads\/sites\/280\/2023\/09\/Chevreul-2023-centre-equestre-3.png 509w, https:\/\/www.kananas.com\/myassociation962\/wp-content\/uploads\/sites\/280\/2023\/09\/Chevreul-2023-centre-equestre-3-241x300.png 241w\" sizes=\"auto, (max-width: 268px) 100vw, 268px\" \/>\u00c0 la rentr\u00e9e 2022, nous avons mis en place un partenariat avec le centre \u00e9questre de Montfermeil pour un groupe de huit jeunes de Chevreul accueillis par les moniteurs d\u2019\u00e9quitation \u00e0 raison d\u2019une session mensuelle.<\/p>\n<p style=\"text-align: justify\">*Les s\u00e9ances ont permis tout au long de l\u2019ann\u00e9e scolaire de sensibiliser les enfants sur la nature et ses bienfaits. L\u2019\u00e9quitation est une tr\u00e8s bonne th\u00e9rapie pour apaiser les \u00e9nergies n\u00e9gatives, apprendre \u00e0 maitriser le d\u00e9bit sonore de sa voix ainsi que ses gestes. Tous ont \u00e9galement exerc\u00e9 leur patience lors du harnachement des chevaux, avant chaque s\u00e9ance.<\/p>\n<p style=\"text-align: justify\">L\u2019\u00e9quitation s\u2019est aussi montr\u00e9e b\u00e9n\u00e9fique pour certains jeunes ayant des lacunes en motricit\u00e9.<\/p>\n<p style=\"text-align: justify\">Le plaisir \u00e9tait au rendez-vous chaque mois gr\u00e2ce \u00e0 la complicit\u00e9 que chaque jeune a pu cr\u00e9er avec sa monture.<\/p>\n<p style=\"text-align: justify\">L\u2019ann\u00e9e qui vient promet de nouveaux galops\u00a0!<\/p>\n<p>&nbsp;<\/p>\n<p style=\"text-align: right\">Sabrina Meziane, \u00e9ducatrice<\/p>\n","protected":false},"excerpt":{"rendered":"<p>\u00c0 la rentr\u00e9e 2022, nous avons mis en place un partenariat avec le centre \u00e9questre de Montfermeil pour un groupe<\/p>\n","protected":false},"author":288,"featured_media":6407,"comment_status":"closed","ping_status":"closed","sticky":false,"template":"","format":"standard","meta":{"colormag_page_container_layout":"default_layout","colormag_page_sidebar_layout":"default_layout","_crdt_document":"","footnotes":""},"categories":[225,4],"tags":[243],"class_list":["post-6406","post","type-post","status-publish","format-standard","has-post-thumbnail","hentry","category-la-lettre-n80","category-vie-des-maisons","tag-sabrina-meziane"],"_links":{"self":[{"href":"https:\/\/www.kananas.com\/myassociation962\/wp-json\/wp\/v2\/posts\/6406","targetHints":{"allow":["GET"]}}],"collection":[{"href":"https:\/\/www.kananas.com\/myassociation962\/wp-json\/wp\/v2\/posts"}],"about":[{"href":"https:\/\/www.kananas.com\/myassociation962\/wp-json\/wp\/v2\/types\/post"}],"author":[{"embeddable":true,"href":"https:\/\/www.kananas.com\/myassociation962\/wp-json\/wp\/v2\/users\/288"}],"replies":[{"embeddable":true,"href":"https:\/\/www.kananas.com\/myassociation962\/wp-json\/wp\/v2\/comments?post=6406"}],"version-history":[{"count":1,"href":"https:\/\/www.kananas.com\/myassociation962\/wp-json\/wp\/v2\/posts\/6406\/revisions"}],"predecessor-version":[{"id":6409,"href":"https:\/\/www.kananas.com\/myassociation962\/wp-json\/wp\/v2\/posts\/6406\/revisions\/6409"}],"wp:featuredmedia":[{"embeddable":true,"href":"https:\/\/www.kananas.com\/myassociation962\/wp-json\/wp\/v2\/media\/6407"}],"wp:attachment":[{"href":"https:\/\/www.kananas.com\/myassociation962\/wp-json\/wp\/v2\/media?parent=6406"}],"wp:term":[{"taxonomy":"category","embeddable":true,"href":"https:\/\/www.kananas.com\/myassociation962\/wp-json\/wp\/v2\/categories?post=6406"},{"taxonomy":"post_tag","embeddable":true,"href":"https:\/\/www.kananas.com\/myassociation962\/wp-json\/wp\/v2\/tags?post=6406"}],"curies":[{"name":"wp","href":"https:\/\/api.w.org\/{rel}","templated":true}]}}