{"id":6422,"date":"2023-09-14T17:43:25","date_gmt":"2023-09-14T15:43:25","guid":{"rendered":"https:\/\/www.kananas.com\/myassociation962\/?p=6422"},"modified":"2023-09-22T17:50:40","modified_gmt":"2023-09-22T15:50:40","slug":"sejour-jurassien-delocalise-pour-les-coubronnais-en-aout","status":"publish","type":"post","link":"https:\/\/www.kananas.com\/myassociation962\/sejour-jurassien-delocalise-pour-les-coubronnais-en-aout\/","title":{"rendered":"S\u00e9jour jurassien d\u00e9localis\u00e9 pour les coubronnais en ao\u00fbt"},"content":{"rendered":"<p style=\"text-align: justify\"><img loading=\"lazy\" decoding=\"async\" class=\" wp-image-6424 alignleft\" src=\"https:\/\/www.kananas.com\/myassociation962\/wp-content\/uploads\/sites\/280\/2023\/09\/2023-08-MFD-Jura-2.jpg\" alt=\"\" width=\"218\" height=\"291\" srcset=\"https:\/\/www.kananas.com\/myassociation962\/wp-content\/uploads\/sites\/280\/2023\/09\/2023-08-MFD-Jura-2.jpg 419w, https:\/\/www.kananas.com\/myassociation962\/wp-content\/uploads\/sites\/280\/2023\/09\/2023-08-MFD-Jura-2-225x300.jpg 225w\" sizes=\"auto, (max-width: 218px) 100vw, 218px\" \/>Nous \u00e9tions huit, six jeunes et deux \u00e9ducateurs, arriv\u00e9s dans notre maison du Jura, Les Clarines, le dimanche 13 ao\u00fbt, pour y rester jusqu\u2019ai 23\u2026<\/p>\n<p style=\"text-align: justify\">Apr\u00e8s quelques m\u00e9saventures la premi\u00e8re journ\u00e9e et une nuit sans pouvoir se laver, Florence Mazerat, directrice g\u00e9n\u00e9rale et Rachel Emonot, directrice de la maison Marie-Foilaine Desolneux, nous ont sauv\u00e9s de cette situation \u00e0 la \u00ab\u00a0Koh-Lanta\u00a0\u00bb en nous trouvant un Airbnb \u00e0 une demi-heure de la maison.<\/p>\n<p style=\"text-align: justify\">Gr\u00e2ce \u00e0 cela, nous avons pu poursuivre notre s\u00e9jour dans un magnifique g\u00eete \u00e0 Buvilly au c\u0153ur du Comt\u00e9.<\/p>\n<p style=\"text-align: justify\">Les activit\u00e9s d\u00e9couvertes n\u2019ont pas manqu\u00e9\u00a0: la cascade du H\u00e9risson, la cascade des Tufs puis une petite randonn\u00e9e en pleine nature. Nous nous sommes essay\u00e9s au cano\u00eb kayak et, selon les jeunes, les \u00e9ducateurs qui tourbillonnaient dans l\u2019eau, \u00e9taient plus dr\u00f4les que l\u2019activit\u00e9 elle-m\u00eame\u00a0! Une belle visite des grottes des Moidons, pr\u00e8s d\u2019Arbois, nous a bien rafra\u00eechis en ces journ\u00e9es de canicule.<\/p>\n<p style=\"text-align: justify\">Dans cette r\u00e9gion du fromage, nous avons bien \u00e9videmment visit\u00e9 la maison de la Vache qui Rit et quelques fruiti\u00e8res, l\u2019occasion de d\u00e9guster les sp\u00e9cialit\u00e9s fromag\u00e8res du Jura. Nous avons jou\u00e9 aussi une bonne heure sur les bou\u00e9es du centre de loisirs de \u00ab\u00a0Jura Splash\u00a0\u00bb.<\/p>\n<p style=\"text-align: justify\">Enfin, gr\u00e2ce au propri\u00e9taire de la maison, nous avons visit\u00e9 une ferme d\u2019\u00e9levage de vaches laiti\u00e8res qui produisent le lait du fromage de la r\u00e9gion. A cette occasion, nous avons go\u00fbt\u00e9 le lait tout juste sorti du pis de la vache. Les jeunes ont appr\u00e9ci\u00e9, affirmant que \u00ab\u00a0ce n\u2019\u00e9tait pas mauvais\u00a0\u00bb.<\/p>\n<p style=\"text-align: justify\"><img loading=\"lazy\" decoding=\"async\" class=\" wp-image-6423 alignright\" src=\"https:\/\/www.kananas.com\/myassociation962\/wp-content\/uploads\/sites\/280\/2023\/09\/2023-08-MFD-Jura-1.png\" alt=\"\" width=\"171\" height=\"304\" srcset=\"https:\/\/www.kananas.com\/myassociation962\/wp-content\/uploads\/sites\/280\/2023\/09\/2023-08-MFD-Jura-1.png 333w, https:\/\/www.kananas.com\/myassociation962\/wp-content\/uploads\/sites\/280\/2023\/09\/2023-08-MFD-Jura-1-169x300.png 169w\" sizes=\"auto, (max-width: 171px) 100vw, 171px\" \/>Nous n\u2019oublierons pas les magnifiques lacs et les paysages que nous avons d\u00e9couverts et qui nous ont \u00e9merveill\u00e9s. Les jeunes n\u2019\u00e9taient pas press\u00e9s de rentrer\u00a0!<\/p>\n<p style=\"text-align: right\">Mehdi et Jessica, \u00e9ducateurs et plombiers \u00e0 nos heures,<\/p>\n<p style=\"text-align: right\">avec Dounia et Kenza, deux jeunes du groupe<\/p>\n","protected":false},"excerpt":{"rendered":"<p>Nous \u00e9tions huit, six jeunes et deux \u00e9ducateurs, arriv\u00e9s dans notre maison du Jura, Les Clarines, le dimanche 13 ao\u00fbt,<\/p>\n","protected":false},"author":288,"featured_media":6427,"comment_status":"closed","ping_status":"closed","sticky":false,"template":"","format":"standard","meta":{"colormag_page_container_layout":"default_layout","colormag_page_sidebar_layout":"default_layout","_crdt_document":"","footnotes":""},"categories":[225,4],"tags":[246,214,247,233],"class_list":["post-6422","post","type-post","status-publish","format-standard","has-post-thumbnail","hentry","category-la-lettre-n80","category-vie-des-maisons","tag-dounia","tag-jessica","tag-kenza","tag-mehdi"],"_links":{"self":[{"href":"https:\/\/www.kananas.com\/myassociation962\/wp-json\/wp\/v2\/posts\/6422","targetHints":{"allow":["GET"]}}],"collection":[{"href":"https:\/\/www.kananas.com\/myassociation962\/wp-json\/wp\/v2\/posts"}],"about":[{"href":"https:\/\/www.kananas.com\/myassociation962\/wp-json\/wp\/v2\/types\/post"}],"author":[{"embeddable":true,"href":"https:\/\/www.kananas.com\/myassociation962\/wp-json\/wp\/v2\/users\/288"}],"replies":[{"embeddable":true,"href":"https:\/\/www.kananas.com\/myassociation962\/wp-json\/wp\/v2\/comments?post=6422"}],"version-history":[{"count":2,"href":"https:\/\/www.kananas.com\/myassociation962\/wp-json\/wp\/v2\/posts\/6422\/revisions"}],"predecessor-version":[{"id":6428,"href":"https:\/\/www.kananas.com\/myassociation962\/wp-json\/wp\/v2\/posts\/6422\/revisions\/6428"}],"wp:featuredmedia":[{"embeddable":true,"href":"https:\/\/www.kananas.com\/myassociation962\/wp-json\/wp\/v2\/media\/6427"}],"wp:attachment":[{"href":"https:\/\/www.kananas.com\/myassociation962\/wp-json\/wp\/v2\/media?parent=6422"}],"wp:term":[{"taxonomy":"category","embeddable":true,"href":"https:\/\/www.kananas.com\/myassociation962\/wp-json\/wp\/v2\/categories?post=6422"},{"taxonomy":"post_tag","embeddable":true,"href":"https:\/\/www.kananas.com\/myassociation962\/wp-json\/wp\/v2\/tags?post=6422"}],"curies":[{"name":"wp","href":"https:\/\/api.w.org\/{rel}","templated":true}]}}