{"id":6440,"date":"2023-10-04T12:04:58","date_gmt":"2023-10-04T10:04:58","guid":{"rendered":"https:\/\/www.kananas.com\/myassociation962\/?p=6440"},"modified":"2023-10-04T12:05:23","modified_gmt":"2023-10-04T10:05:23","slug":"6440-2","status":"publish","type":"post","link":"https:\/\/www.kananas.com\/myassociation962\/6440-2\/","title":{"rendered":"Atelier de pr\u00e9vention sant\u00e9 \u00e0 Chevreul"},"content":{"rendered":"<p style=\"text-align: justify\">Samedi 23 septembre de 10h \u00e0 12h, sous l\u2019\u00e9gide de l\u2019<strong>association<\/strong> <strong>migration sant\u00e9,<\/strong> une intervenante \u00e0 l\u2019\u00e9ducation pour la sant\u00e9 est intervenue aupr\u00e8s de 9 jeunes gar\u00e7ons \u00e2g\u00e9s de 8 et 13 ans. L\u2019intervention \u00e9tait bas\u00e9e sur la pubert\u00e9 et la question du respect de l\u2019autre, de son intimit\u00e9, du consentement.<\/p>\n<p style=\"text-align: justify\">Sous forme de petits jeux, les jeunes ont pu interagir sur les questions de pubert\u00e9 et ses diff\u00e9rents changements tant physiques que physiologiques.<\/p>\n<p style=\"text-align: justify\">Apr\u00e8s avoir abord\u00e9 la question du consentement, nous avons mim\u00e9 diverses situations et les gar\u00e7ons devaient nous dire si c\u2019\u00e9tait consenti ou non et pourquoi.<\/p>\n<p style=\"text-align: justify\">Cette matin\u00e9e avait pour but de sensibiliser les pr\u00e9adolescents, les pr\u00e9parer \u00e0 la pubert\u00e9 et ainsi les encourager \u00e0 en discuter sans tabou avec les adultes.<\/p>\n<p style=\"text-align: justify\">Pour cl\u00f4turer la s\u00e9ance, chaque jeune a pu repartir avec son dipl\u00f4me. Une prochaine rencontre est programm\u00e9e pour les plus grands.<\/p>\n<p style=\"text-align: right\">SALADIN Anais, stagiaire ES<\/p>\n","protected":false},"excerpt":{"rendered":"<p>Samedi 23 septembre de 10h \u00e0 12h, sous l\u2019\u00e9gide de l\u2019association migration sant\u00e9, une intervenante \u00e0 l\u2019\u00e9ducation pour la sant\u00e9<\/p>\n","protected":false},"author":288,"featured_media":6441,"comment_status":"closed","ping_status":"closed","sticky":false,"template":"","format":"standard","meta":{"colormag_page_container_layout":"default_layout","colormag_page_sidebar_layout":"default_layout","_crdt_document":"","footnotes":""},"categories":[225,4],"tags":[249],"class_list":["post-6440","post","type-post","status-publish","format-standard","has-post-thumbnail","hentry","category-la-lettre-n80","category-vie-des-maisons","tag-saladin-anais"],"_links":{"self":[{"href":"https:\/\/www.kananas.com\/myassociation962\/wp-json\/wp\/v2\/posts\/6440","targetHints":{"allow":["GET"]}}],"collection":[{"href":"https:\/\/www.kananas.com\/myassociation962\/wp-json\/wp\/v2\/posts"}],"about":[{"href":"https:\/\/www.kananas.com\/myassociation962\/wp-json\/wp\/v2\/types\/post"}],"author":[{"embeddable":true,"href":"https:\/\/www.kananas.com\/myassociation962\/wp-json\/wp\/v2\/users\/288"}],"replies":[{"embeddable":true,"href":"https:\/\/www.kananas.com\/myassociation962\/wp-json\/wp\/v2\/comments?post=6440"}],"version-history":[{"count":2,"href":"https:\/\/www.kananas.com\/myassociation962\/wp-json\/wp\/v2\/posts\/6440\/revisions"}],"predecessor-version":[{"id":6443,"href":"https:\/\/www.kananas.com\/myassociation962\/wp-json\/wp\/v2\/posts\/6440\/revisions\/6443"}],"wp:featuredmedia":[{"embeddable":true,"href":"https:\/\/www.kananas.com\/myassociation962\/wp-json\/wp\/v2\/media\/6441"}],"wp:attachment":[{"href":"https:\/\/www.kananas.com\/myassociation962\/wp-json\/wp\/v2\/media?parent=6440"}],"wp:term":[{"taxonomy":"category","embeddable":true,"href":"https:\/\/www.kananas.com\/myassociation962\/wp-json\/wp\/v2\/categories?post=6440"},{"taxonomy":"post_tag","embeddable":true,"href":"https:\/\/www.kananas.com\/myassociation962\/wp-json\/wp\/v2\/tags?post=6440"}],"curies":[{"name":"wp","href":"https:\/\/api.w.org\/{rel}","templated":true}]}}