{"id":6451,"date":"2023-10-02T11:53:04","date_gmt":"2023-10-02T09:53:04","guid":{"rendered":"https:\/\/www.kananas.com\/myassociation962\/?p=6451"},"modified":"2023-10-07T12:30:32","modified_gmt":"2023-10-07T10:30:32","slug":"formation-interne-des-salaries-2","status":"publish","type":"post","link":"https:\/\/www.kananas.com\/myassociation962\/formation-interne-des-salaries-2\/","title":{"rendered":"Formation interne des salari\u00e9s"},"content":{"rendered":"<p style=\"text-align: justify\">Depuis quelques ann\u00e9es Concorde a diversifi\u00e9 ses champs d\u2019intervention et pris de l\u2019ampleur. Deux cent soixante-dix salari\u00e9s de toutes cat\u00e9gories contribuent \u00e0 la prise en charge et au bien-\u00eatre de trois cents jeunes. Il a paru n\u00e9cessaire que les nouveaux personnels, arrivant dans une maison ou un dispositif, quelle que soit leur sp\u00e9cialit\u00e9 ou fonction, disposent d\u2019informations pratiques indispensables, aient connaissance de la diversit\u00e9 de nos structures \u2013 maisons et services \u2013 et partagent les valeurs assum\u00e9es et port\u00e9es par Concorde depuis plus de cinquante ans.<\/p>\n<p style=\"text-align: justify\"><img loading=\"lazy\" decoding=\"async\" class=\" wp-image-6452 alignleft\" src=\"https:\/\/www.kananas.com\/myassociation962\/wp-content\/uploads\/sites\/280\/2023\/10\/2023-04-06-formation-interne-1.jpg\" alt=\"\" width=\"325\" height=\"244\" srcset=\"https:\/\/www.kananas.com\/myassociation962\/wp-content\/uploads\/sites\/280\/2023\/10\/2023-04-06-formation-interne-1.jpg 640w, https:\/\/www.kananas.com\/myassociation962\/wp-content\/uploads\/sites\/280\/2023\/10\/2023-04-06-formation-interne-1-300x225.jpg 300w\" sizes=\"auto, (max-width: 325px) 100vw, 325px\" \/>C\u2019est dans cet esprit que le Jeudi 6 avril, Laurence Nominet, directrice des maisons de Gagny, et Toufik Oukaci, directeur du Dispositif d\u2019accueil externalis\u00e9, organisaient une journ\u00e9e d\u2019int\u00e9gration \u00e0 l\u2019intention d\u2019une vingtaine de nouveaux salari\u00e9s dans la maison Aristide Briand de Gagny, un grand pavillon de meuli\u00e8re plein de charme au milieu d\u2019un vaste jardin.<\/p>\n<p style=\"text-align: justify\">Ce 21 Septembre, la seconde journ\u00e9e d\u2019int\u00e9gration a eu lieu dans la maison Marie-Foilaine Desolneux. Pour cette occasion, Rachel Emonot, directrice de la maison de Coubron, et Eric Bertherat, directeur du SEPAD (Service Educatif de Placement \u00e0 Domicile) ont accueilli 24 salari\u00e9s.<\/p>\n<p style=\"text-align: justify\">Le 6 avril, Florence Mazerat, directrice g\u00e9n\u00e9rale, apr\u00e8s un rapide historique de l\u2019association, insistait sur nos valeurs et nos r\u00e8gles de fonctionnement\u00a0; Pierre Girault, administrateur, pr\u00e9sentait le r\u00f4le du conseil d\u2019administration et nos moyens de communication\u00a0: <i>La Lettre<\/i> et notre site internet. Puis Laurence Nominet, Toufik Oukaci, Florence Mazerat et Yann Chatelin, directeur g\u00e9n\u00e9ral adjoint, ont pr\u00e9sent\u00e9 \u00e0 plusieurs voix des informations plus techniques, sur la mutuelle, la pr\u00e9voyance, les arr\u00eats de maladie, mais aussi sur le r\u00e8glement int\u00e9rieur, la formation des salari\u00e9s, le r\u00f4le du Comit\u00e9 Social Economique de l\u2019association&#8230; Le 21 septembre, Bernard Moulin administrateur, succ\u00e9dait \u00e0 Pierre Girault et l\u2019apr\u00e8s-midi, Rachel Emonot et Eric Bertherat prenaient la suite de Laurence Nominet et Toufik Oukaci, accompagn\u00e9s par Sandrine Baillergeant.<\/p>\n<p style=\"text-align: justify\">Un diaporama le 6 avril, une vid\u00e9o le 21 septembre, permettaient de faire un tour d\u2019horizon des dispositifs d\u00e9velopp\u00e9s par Concorde depuis sa cr\u00e9ation en 1969.<\/p>\n<p style=\"text-align: justify\">Apr\u00e8s un repas pris en commun, l\u2019apr\u00e8s-midi fut consacr\u00e9 \u00e0 des sujets plus techniques\u00a0: lois qui r\u00e9gissent notre secteur, missions des MECS, documents contractuels, connaissance des partenaires&#8230; Ce temps de formation interne a g\u00e9n\u00e9r\u00e9 de nombreux \u00e9changes entre les professionnels, qui ont pu amener \u00e0 des questions pertinentes et des r\u00e9flexions quant aux valeurs communes pr\u00f4n\u00e9es par l\u2019ensemble des \u00e9tablissements et services de l\u2019association.<\/p>\n<p style=\"text-align: justify\">Le contenu de cette journ\u00e9e semble r\u00e9ellement correspondre aux questionnements de nos nouveaux salari\u00e9s et nous pensons parall\u00e8lement d\u00e9velopper cette politique d\u2019accueil en envisageant notamment des temps d\u2019immersion sur les diff\u00e9rentes maisons.<\/p>\n<p style=\"text-align: justify\">La prochaine session d\u2019int\u00e9gration aura lieu en janvier 2024.<\/p>\n<p style=\"text-align: right\">Pierre Girault, vice-pr\u00e9sident de Concorde<\/p>\n<p style=\"text-align: right\">Sandrine Baillergeant, directrice technique<\/p>\n","protected":false},"excerpt":{"rendered":"<p>Depuis quelques ann\u00e9es Concorde a diversifi\u00e9 ses champs d\u2019intervention et pris de l\u2019ampleur. Deux cent soixante-dix salari\u00e9s de toutes cat\u00e9gories<\/p>\n","protected":false},"author":288,"featured_media":6453,"comment_status":"closed","ping_status":"closed","sticky":false,"template":"","format":"standard","meta":{"colormag_page_container_layout":"default_layout","colormag_page_sidebar_layout":"default_layout","_crdt_document":"","footnotes":""},"categories":[225,5],"tags":[61,77],"class_list":["post-6451","post","type-post","status-publish","format-standard","has-post-thumbnail","hentry","category-la-lettre-n80","category-vie-de-lassociation","tag-pierre-girault","tag-sandrine-baillergeant"],"_links":{"self":[{"href":"https:\/\/www.kananas.com\/myassociation962\/wp-json\/wp\/v2\/posts\/6451","targetHints":{"allow":["GET"]}}],"collection":[{"href":"https:\/\/www.kananas.com\/myassociation962\/wp-json\/wp\/v2\/posts"}],"about":[{"href":"https:\/\/www.kananas.com\/myassociation962\/wp-json\/wp\/v2\/types\/post"}],"author":[{"embeddable":true,"href":"https:\/\/www.kananas.com\/myassociation962\/wp-json\/wp\/v2\/users\/288"}],"replies":[{"embeddable":true,"href":"https:\/\/www.kananas.com\/myassociation962\/wp-json\/wp\/v2\/comments?post=6451"}],"version-history":[{"count":2,"href":"https:\/\/www.kananas.com\/myassociation962\/wp-json\/wp\/v2\/posts\/6451\/revisions"}],"predecessor-version":[{"id":6455,"href":"https:\/\/www.kananas.com\/myassociation962\/wp-json\/wp\/v2\/posts\/6451\/revisions\/6455"}],"wp:featuredmedia":[{"embeddable":true,"href":"https:\/\/www.kananas.com\/myassociation962\/wp-json\/wp\/v2\/media\/6453"}],"wp:attachment":[{"href":"https:\/\/www.kananas.com\/myassociation962\/wp-json\/wp\/v2\/media?parent=6451"}],"wp:term":[{"taxonomy":"category","embeddable":true,"href":"https:\/\/www.kananas.com\/myassociation962\/wp-json\/wp\/v2\/categories?post=6451"},{"taxonomy":"post_tag","embeddable":true,"href":"https:\/\/www.kananas.com\/myassociation962\/wp-json\/wp\/v2\/tags?post=6451"}],"curies":[{"name":"wp","href":"https:\/\/api.w.org\/{rel}","templated":true}]}}