{"id":6456,"date":"2023-10-02T09:30:26","date_gmt":"2023-10-02T07:30:26","guid":{"rendered":"https:\/\/www.kananas.com\/myassociation962\/?p=6456"},"modified":"2023-10-07T12:28:31","modified_gmt":"2023-10-07T10:28:31","slug":"ladc-dans-larene-pour-feter-un-demi-siecle-dexistence","status":"publish","type":"post","link":"https:\/\/www.kananas.com\/myassociation962\/ladc-dans-larene-pour-feter-un-demi-siecle-dexistence\/","title":{"rendered":"L&rsquo;ADC dans \u00ab\u00a0l&rsquo;ar\u00e8ne\u00a0\u00bb pour f\u00eater un demi-si\u00e8cle d&rsquo;existence."},"content":{"rendered":"<p style=\"text-align: justify\">Les 50\u00e8mes journ\u00e9es de formation de l\u2019ADC (Association de Directrices, Directeurs et Cadres de direction du secteur social, m\u00e9dico-social et sanitaire) ont eu lieu les 27, 28 et 29 septembre 2023 \u00e0 N\u00eemes.<\/p>\n<p style=\"text-align: justify\">La th\u00e9matique \u00e9tait : 50 nuances d\u2019associations, quelles gouvernances pour demain ? \u00bb. L\u2019objectif \u00e9tait d\u2019ouvrir des pistes et poser des options pour l\u2019avenir en ce qui concerne la gouvernance et la dirigeance des associations du point de vue de la fonction de direction.<\/p>\n<p style=\"text-align: justify\">Pour cela, 5 d\u00e9fis ont \u00e9t\u00e9 mis en d\u00e9bat :<\/p>\n<ol style=\"text-align: justify\">\n<li>L\u2019urgence de renouveler l\u2019imaginaire solidaire et d\u00e9mocratique pour affronter les crises qui traversent la soci\u00e9t\u00e9 (crises sanitaire, \u00e9cologique, \u00e9conomique, g\u00e9opolitique et sociale).<\/li>\n<li>La n\u00e9cessit\u00e9 de concevoir autrement le fonctionnement interne des associations pour qu\u2019elles soient r\u00e9ellement actrices des m\u00e9diations d\u00e9mocratiques et lieux de l\u2019exp\u00e9rimentalisme d\u00e9mocratique.<\/li>\n<li>L\u2019exigence de repenser les modalit\u00e9s d\u2019un v\u00e9ritable partenariat des associations avec les pouvoirs publics pour \u00e9chapper \u00e0 l\u2019instrumentalisation gestionnaire.<\/li>\n<li>L\u2019obligation de d\u00e9velopper les coop\u00e9rations entre acteurs non-lucratifs de l\u2019\u00e9conomie sociale et solidaire pour r\u00e9sister au d\u00e9litement des solidarit\u00e9s territoriales sous le joug de la concurrence.<\/li>\n<li>L\u2019imp\u00e9ratif de d\u00e9velopper des strat\u00e9gies innovantes pour r\u00e9pondre aux enjeux soci\u00e9taux de ce temps.<\/li>\n<\/ol>\n<p style=\"text-align: justify\"><img loading=\"lazy\" decoding=\"async\" class=\"wp-image-6458 alignleft\" src=\"https:\/\/www.kananas.com\/myassociation962\/wp-content\/uploads\/sites\/280\/2023\/10\/ADC-2.jpg\" alt=\"\" width=\"807\" height=\"605\" srcset=\"https:\/\/www.kananas.com\/myassociation962\/wp-content\/uploads\/sites\/280\/2023\/10\/ADC-2.jpg 1600w, https:\/\/www.kananas.com\/myassociation962\/wp-content\/uploads\/sites\/280\/2023\/10\/ADC-2-300x225.jpg 300w, https:\/\/www.kananas.com\/myassociation962\/wp-content\/uploads\/sites\/280\/2023\/10\/ADC-2-1024x768.jpg 1024w, https:\/\/www.kananas.com\/myassociation962\/wp-content\/uploads\/sites\/280\/2023\/10\/ADC-2-768x576.jpg 768w, https:\/\/www.kananas.com\/myassociation962\/wp-content\/uploads\/sites\/280\/2023\/10\/ADC-2-1536x1152.jpg 1536w\" sizes=\"auto, (max-width: 807px) 100vw, 807px\" \/>Apr\u00e8s l&rsquo;introduction de Najat Vallaud Belkacem, pr\u00e9sidente de France Terre d&rsquo;asile et ancienne Ministre, qui a mis l&rsquo;accent sur son engagement associatif et l&rsquo;importance de nos actions, ces 3 jours ont \u00e9t\u00e9 une fois de plus riches en d\u00e9bat et ont tent\u00e9 de r\u00e9pondre \u00e0 ces d\u00e9fis gr\u00e2ce aux apports des intervenants (sociologues, pr\u00e9sidents d&rsquo;associations, formateurs et politiques) , \u00e0 l\u2019analyse des exp\u00e9riences r\u00e9ussies des uns et des autres ressortant d\u2019une enqu\u00eate de terrain, \u00e0 un brassage d\u2019id\u00e9es sous forme de \u00ab\u00a0world-caf\u00e9\u00a0\u00bb et \u00e0 la construction, par le d\u00e9bat de solutions r\u00e9alistes et r\u00e9alisables.<\/p>\n<p style=\"text-align: justify\">Outre le fait de renforcer la coh\u00e9sion entre l\u2019ensemble des directeurs et la dirigeance de l\u2019association, les objectifs ont \u00e9t\u00e9 atteints et des questionnements et r\u00e9flexions ont pu \u00e9merger notamment autour de la cr\u00e9ation d\u2019un comit\u00e9 \u00e9thique. Nous reviendrons sur ce projet au cours des prochains mois.<\/p>\n<p style=\"text-align: justify\">Malgr\u00e9 une participation qui n&rsquo;a pas \u00e9t\u00e9 \u00e0 la hauteur des esp\u00e9rances du pr\u00e9sident sortant de l&rsquo;ADC, eu \u00e9gard au nombre d&rsquo;inscrits (120 contre 176 l&rsquo;ann\u00e9e derni\u00e8re), le bilan de ces journ\u00e9es est positif.<\/p>\n<p style=\"text-align: justify\">L&rsquo;un des d\u00e9fis de la nouvelle pr\u00e9sidente de l\u2019ADC et des d\u00e9l\u00e9gations de r\u00e9gions sera de convaincre et de mobiliser de nouveaux directeurs (trices) pour venir enrichir la r\u00e9flexion et les d\u00e9bats.<\/p>\n<p>Le rendez-vous est pris pour les 51e journ\u00e9es qui auront lieu \u00e0 Nancy en septembre 2024.<\/p>\n<p style=\"text-align: right\">S. Baillergeant et T. Oukaci<\/p>\n","protected":false},"excerpt":{"rendered":"<p>Les 50\u00e8mes journ\u00e9es de formation de l\u2019ADC (Association de Directrices, Directeurs et Cadres de direction du secteur social, m\u00e9dico-social et<\/p>\n","protected":false},"author":288,"featured_media":6459,"comment_status":"closed","ping_status":"closed","sticky":false,"template":"","format":"standard","meta":{"colormag_page_container_layout":"default_layout","colormag_page_sidebar_layout":"default_layout","_crdt_document":"","footnotes":""},"categories":[225,5],"tags":[77,136],"class_list":["post-6456","post","type-post","status-publish","format-standard","has-post-thumbnail","hentry","category-la-lettre-n80","category-vie-de-lassociation","tag-sandrine-baillergeant","tag-toufik-oukaci"],"_links":{"self":[{"href":"https:\/\/www.kananas.com\/myassociation962\/wp-json\/wp\/v2\/posts\/6456","targetHints":{"allow":["GET"]}}],"collection":[{"href":"https:\/\/www.kananas.com\/myassociation962\/wp-json\/wp\/v2\/posts"}],"about":[{"href":"https:\/\/www.kananas.com\/myassociation962\/wp-json\/wp\/v2\/types\/post"}],"author":[{"embeddable":true,"href":"https:\/\/www.kananas.com\/myassociation962\/wp-json\/wp\/v2\/users\/288"}],"replies":[{"embeddable":true,"href":"https:\/\/www.kananas.com\/myassociation962\/wp-json\/wp\/v2\/comments?post=6456"}],"version-history":[{"count":3,"href":"https:\/\/www.kananas.com\/myassociation962\/wp-json\/wp\/v2\/posts\/6456\/revisions"}],"predecessor-version":[{"id":6461,"href":"https:\/\/www.kananas.com\/myassociation962\/wp-json\/wp\/v2\/posts\/6456\/revisions\/6461"}],"wp:featuredmedia":[{"embeddable":true,"href":"https:\/\/www.kananas.com\/myassociation962\/wp-json\/wp\/v2\/media\/6459"}],"wp:attachment":[{"href":"https:\/\/www.kananas.com\/myassociation962\/wp-json\/wp\/v2\/media?parent=6456"}],"wp:term":[{"taxonomy":"category","embeddable":true,"href":"https:\/\/www.kananas.com\/myassociation962\/wp-json\/wp\/v2\/categories?post=6456"},{"taxonomy":"post_tag","embeddable":true,"href":"https:\/\/www.kananas.com\/myassociation962\/wp-json\/wp\/v2\/tags?post=6456"}],"curies":[{"name":"wp","href":"https:\/\/api.w.org\/{rel}","templated":true}]}}