{"id":6731,"date":"2024-06-04T12:00:20","date_gmt":"2024-06-04T10:00:20","guid":{"rendered":"https:\/\/www.kananas.com\/myassociation962\/?p=6731"},"modified":"2024-07-04T14:07:36","modified_gmt":"2024-07-04T12:07:36","slug":"dap-93-nouvelle-etape-pour-jason","status":"publish","type":"post","link":"https:\/\/www.kananas.com\/myassociation962\/dap-93-nouvelle-etape-pour-jason\/","title":{"rendered":"DAP 93\u00a0: Nouvelle \u00e9tape pour Jason"},"content":{"rendered":"<p style=\"text-align: justify\"><img loading=\"lazy\" decoding=\"async\" class=\" wp-image-6733 alignleft\" src=\"https:\/\/www.kananas.com\/myassociation962\/wp-content\/uploads\/sites\/280\/2024\/07\/20240627_172540-scaled.jpg\" alt=\"\" width=\"210\" height=\"158\" srcset=\"https:\/\/www.kananas.com\/myassociation962\/wp-content\/uploads\/sites\/280\/2024\/07\/20240627_172540-scaled.jpg 2560w, https:\/\/www.kananas.com\/myassociation962\/wp-content\/uploads\/sites\/280\/2024\/07\/20240627_172540-300x225.jpg 300w, https:\/\/www.kananas.com\/myassociation962\/wp-content\/uploads\/sites\/280\/2024\/07\/20240627_172540-1024x768.jpg 1024w, https:\/\/www.kananas.com\/myassociation962\/wp-content\/uploads\/sites\/280\/2024\/07\/20240627_172540-768x576.jpg 768w, https:\/\/www.kananas.com\/myassociation962\/wp-content\/uploads\/sites\/280\/2024\/07\/20240627_172540-1536x1152.jpg 1536w, https:\/\/www.kananas.com\/myassociation962\/wp-content\/uploads\/sites\/280\/2024\/07\/20240627_172540-2048x1536.jpg 2048w\" sizes=\"auto, (max-width: 210px) 100vw, 210px\" \/>Le 27 juin, nous avons f\u00eat\u00e9 le d\u00e9part de Jason qui a pass\u00e9 deux belles ann\u00e9es avec nous au sein du dispositif d\u2019accueil personnalis\u00e9 93 \u00e0 la maison de Chelles. Il int\u00e9grera prochainement un dispositif d\u2019accompagnement vers l\u2019autonomie dans un appartement. Nous lui avons souhait\u00e9 bonne route et une tr\u00e8s belle continuation.<\/p>\n<p style=\"text-align: right\"><i>Faouzi Ben Mira \u2013 Directeur de service.<\/i><\/p>\n","protected":false},"excerpt":{"rendered":"<p>Le 27 juin, nous avons f\u00eat\u00e9 le d\u00e9part de Jason qui a pass\u00e9 deux belles ann\u00e9es avec nous au sein<\/p>\n","protected":false},"author":288,"featured_media":6732,"comment_status":"closed","ping_status":"closed","sticky":false,"template":"","format":"standard","meta":{"colormag_page_container_layout":"default_layout","colormag_page_sidebar_layout":"default_layout","_crdt_document":"","footnotes":""},"categories":[274,4],"tags":[161],"class_list":["post-6731","post","type-post","status-publish","format-standard","has-post-thumbnail","hentry","category-la-lettre-n82","category-vie-des-maisons","tag-faouzi-ben-mira"],"_links":{"self":[{"href":"https:\/\/www.kananas.com\/myassociation962\/wp-json\/wp\/v2\/posts\/6731","targetHints":{"allow":["GET"]}}],"collection":[{"href":"https:\/\/www.kananas.com\/myassociation962\/wp-json\/wp\/v2\/posts"}],"about":[{"href":"https:\/\/www.kananas.com\/myassociation962\/wp-json\/wp\/v2\/types\/post"}],"author":[{"embeddable":true,"href":"https:\/\/www.kananas.com\/myassociation962\/wp-json\/wp\/v2\/users\/288"}],"replies":[{"embeddable":true,"href":"https:\/\/www.kananas.com\/myassociation962\/wp-json\/wp\/v2\/comments?post=6731"}],"version-history":[{"count":1,"href":"https:\/\/www.kananas.com\/myassociation962\/wp-json\/wp\/v2\/posts\/6731\/revisions"}],"predecessor-version":[{"id":6734,"href":"https:\/\/www.kananas.com\/myassociation962\/wp-json\/wp\/v2\/posts\/6731\/revisions\/6734"}],"wp:featuredmedia":[{"embeddable":true,"href":"https:\/\/www.kananas.com\/myassociation962\/wp-json\/wp\/v2\/media\/6732"}],"wp:attachment":[{"href":"https:\/\/www.kananas.com\/myassociation962\/wp-json\/wp\/v2\/media?parent=6731"}],"wp:term":[{"taxonomy":"category","embeddable":true,"href":"https:\/\/www.kananas.com\/myassociation962\/wp-json\/wp\/v2\/categories?post=6731"},{"taxonomy":"post_tag","embeddable":true,"href":"https:\/\/www.kananas.com\/myassociation962\/wp-json\/wp\/v2\/tags?post=6731"}],"curies":[{"name":"wp","href":"https:\/\/api.w.org\/{rel}","templated":true}]}}