{"id":7171,"date":"2026-01-09T19:40:57","date_gmt":"2026-01-09T18:40:57","guid":{"rendered":"https:\/\/www.kananas.com\/myassociation962\/?p=7171"},"modified":"2026-01-09T19:40:57","modified_gmt":"2026-01-09T18:40:57","slug":"une-belle-lecon-de-vie-avec-la-comedie-musicale-la-haine","status":"publish","type":"post","link":"https:\/\/www.kananas.com\/myassociation962\/une-belle-lecon-de-vie-avec-la-comedie-musicale-la-haine\/","title":{"rendered":"Une belle le\u00e7on de vie avec la Com\u00e9die musicale :  La Haine !"},"content":{"rendered":"<p>Le 27 d\u00e9cembre, avec les 19 jeunes du foyer, nous avons assist\u00e9 \u00e0 la com\u00e9die musicale \u00ab\u00a0La Haine\u00a0\u00bb pr\u00e9sent\u00e9e \u00e0 la Sc\u00e8ne musicale de Bobigny..<\/p>\n<p>Les messages de ce spectacle de Rap nous ont remplis d\u2019\u00e9motions car nous avions affaire \u00e0 des artistes qui nous ont embarqu\u00e9s dans la r\u00e9alit\u00e9 de la vie quotidienne des cit\u00e9s et leurs difficult\u00e9s.<\/p>\n<p>Nous avons \u00e9t\u00e9 renvoy\u00e9s, chacune et chacun d\u2019entre nous, \u00e0 notre culture, notre v\u00e9cu et nos sensibilit\u00e9s.\u00a0 Mais, sur ce sujet, les filles se sont senties plus concern\u00e9es que les gar\u00e7ons.<\/p>\n<p>B\u2026nous a confi\u00e9 qu\u2019elle ne souhaitait pas que ses enfants vivent dans une cit\u00e9, m\u00eame si elle garde les bons souvenirs d\u2019une solidarit\u00e9 qui existait entre les plus anciens et les plus jeunes. E\u2026 nous a affirm\u00e9 qu\u2019il y avait beaucoup de violences dans son lyc\u00e9e et parfois une pr\u00e9sence polici\u00e8re. Quant \u00e0 Y\u2026. , qui n\u2019a jamais v\u00e9cu en cit\u00e9, il en a conclu, qu\u2019apr\u00e8s ce spectacle, il avait bien compris le message essentiel des artistes.<\/p>\n<p style=\"text-align: right\"><i>Viviane Colombo<\/i><\/p>\n<p style=\"text-align: right\"><i>Educatrice sp\u00e9cialis\u00e9e<\/i><\/p>\n<p>&nbsp;<\/p>\n","protected":false},"excerpt":{"rendered":"<p>Le 27 d\u00e9cembre, avec les 19 jeunes du foyer, nous avons assist\u00e9 \u00e0 la com\u00e9die musicale \u00ab\u00a0La Haine\u00a0\u00bb pr\u00e9sent\u00e9e \u00e0<\/p>\n","protected":false},"author":288,"featured_media":7172,"comment_status":"closed","ping_status":"closed","sticky":false,"template":"","format":"standard","meta":{"colormag_page_container_layout":"default_layout","colormag_page_sidebar_layout":"default_layout","_crdt_document":"","footnotes":""},"categories":[285,4],"tags":[288],"class_list":["post-7171","post","type-post","status-publish","format-standard","has-post-thumbnail","hentry","category-le-lettre-n85","category-vie-des-maisons","tag-viviane-colombo"],"_links":{"self":[{"href":"https:\/\/www.kananas.com\/myassociation962\/wp-json\/wp\/v2\/posts\/7171","targetHints":{"allow":["GET"]}}],"collection":[{"href":"https:\/\/www.kananas.com\/myassociation962\/wp-json\/wp\/v2\/posts"}],"about":[{"href":"https:\/\/www.kananas.com\/myassociation962\/wp-json\/wp\/v2\/types\/post"}],"author":[{"embeddable":true,"href":"https:\/\/www.kananas.com\/myassociation962\/wp-json\/wp\/v2\/users\/288"}],"replies":[{"embeddable":true,"href":"https:\/\/www.kananas.com\/myassociation962\/wp-json\/wp\/v2\/comments?post=7171"}],"version-history":[{"count":1,"href":"https:\/\/www.kananas.com\/myassociation962\/wp-json\/wp\/v2\/posts\/7171\/revisions"}],"predecessor-version":[{"id":7173,"href":"https:\/\/www.kananas.com\/myassociation962\/wp-json\/wp\/v2\/posts\/7171\/revisions\/7173"}],"wp:featuredmedia":[{"embeddable":true,"href":"https:\/\/www.kananas.com\/myassociation962\/wp-json\/wp\/v2\/media\/7172"}],"wp:attachment":[{"href":"https:\/\/www.kananas.com\/myassociation962\/wp-json\/wp\/v2\/media?parent=7171"}],"wp:term":[{"taxonomy":"category","embeddable":true,"href":"https:\/\/www.kananas.com\/myassociation962\/wp-json\/wp\/v2\/categories?post=7171"},{"taxonomy":"post_tag","embeddable":true,"href":"https:\/\/www.kananas.com\/myassociation962\/wp-json\/wp\/v2\/tags?post=7171"}],"curies":[{"name":"wp","href":"https:\/\/api.w.org\/{rel}","templated":true}]}}