{"id":7174,"date":"2026-01-11T10:44:13","date_gmt":"2026-01-11T09:44:13","guid":{"rendered":"https:\/\/www.kananas.com\/myassociation962\/?p=7174"},"modified":"2026-01-11T10:44:13","modified_gmt":"2026-01-11T09:44:13","slug":"les-jeunes-de-la-caravane-en-concert-a-bobigny","status":"publish","type":"post","link":"https:\/\/www.kananas.com\/myassociation962\/les-jeunes-de-la-caravane-en-concert-a-bobigny\/","title":{"rendered":"Les jeunes de La Caravane en concert \u00e0 Bobigny"},"content":{"rendered":"<p><img loading=\"lazy\" decoding=\"async\" class=\" wp-image-7176 alignleft\" src=\"https:\/\/www.kananas.com\/myassociation962\/wp-content\/uploads\/sites\/280\/2026\/01\/Capture-decran-2026-01-11-103817.png\" alt=\"\" width=\"323\" height=\"212\" srcset=\"https:\/\/www.kananas.com\/myassociation962\/wp-content\/uploads\/sites\/280\/2026\/01\/Capture-decran-2026-01-11-103817.png 1785w, https:\/\/www.kananas.com\/myassociation962\/wp-content\/uploads\/sites\/280\/2026\/01\/Capture-decran-2026-01-11-103817-300x197.png 300w, https:\/\/www.kananas.com\/myassociation962\/wp-content\/uploads\/sites\/280\/2026\/01\/Capture-decran-2026-01-11-103817-1024x672.png 1024w, https:\/\/www.kananas.com\/myassociation962\/wp-content\/uploads\/sites\/280\/2026\/01\/Capture-decran-2026-01-11-103817-768x504.png 768w, https:\/\/www.kananas.com\/myassociation962\/wp-content\/uploads\/sites\/280\/2026\/01\/Capture-decran-2026-01-11-103817-1536x1008.png 1536w, https:\/\/www.kananas.com\/myassociation962\/wp-content\/uploads\/sites\/280\/2026\/01\/Capture-decran-2026-01-11-103817-50x33.png 50w, https:\/\/www.kananas.com\/myassociation962\/wp-content\/uploads\/sites\/280\/2026\/01\/Capture-decran-2026-01-11-103817-1600x1050.png 1600w\" sizes=\"auto, (max-width: 323px) 100vw, 323px\" \/>Dans le cadre du projet culturel avec Zebrok, quatorze jeunes et sept professionnels\u00a0 ont assist\u00e9 au concert de Prichgia (beat boxeuse), le 5 d\u00e9cembre dernier, \u00e0 CANAL 93 situ\u00e9 \u00e0 Bobigny (Seine-Saint-Denis).<\/p>\n<p>Les enfants ont \u00e9cout\u00e9 avec passion les prestations de l\u2019artiste qui viendra animer chez nous des ateliers en avril 2026.<\/p>\n<p>Cette soir\u00e9e a \u00e9t\u00e9 tr\u00e8s appr\u00e9ci\u00e9e par les petits et les grands et nous sommes repartis avec le d\u00e9sir profond de nous retrouver avec l\u2019artiste pour vivre \u00e0 nouveau cette exp\u00e9rience le plus vite possible.<\/p>\n<p style=\"text-align: right\">C\u00e9cile JOUBAIRE<\/p>\n<p style=\"text-align: right\"><i>Directrice de service<\/i><\/p>\n<p style=\"text-align: right\">La Caravane &#8211; Association CONCORDE<\/p>\n","protected":false},"excerpt":{"rendered":"<p>Dans le cadre du projet culturel avec Zebrok, quatorze jeunes et sept professionnels\u00a0 ont assist\u00e9 au concert de Prichgia (beat<\/p>\n","protected":false},"author":288,"featured_media":7175,"comment_status":"closed","ping_status":"closed","sticky":false,"template":"","format":"standard","meta":{"colormag_page_container_layout":"default_layout","colormag_page_sidebar_layout":"default_layout","_crdt_document":"","footnotes":""},"categories":[285,4],"tags":[150],"class_list":["post-7174","post","type-post","status-publish","format-standard","has-post-thumbnail","hentry","category-le-lettre-n85","category-vie-des-maisons","tag-cecile-joubaire"],"_links":{"self":[{"href":"https:\/\/www.kananas.com\/myassociation962\/wp-json\/wp\/v2\/posts\/7174","targetHints":{"allow":["GET"]}}],"collection":[{"href":"https:\/\/www.kananas.com\/myassociation962\/wp-json\/wp\/v2\/posts"}],"about":[{"href":"https:\/\/www.kananas.com\/myassociation962\/wp-json\/wp\/v2\/types\/post"}],"author":[{"embeddable":true,"href":"https:\/\/www.kananas.com\/myassociation962\/wp-json\/wp\/v2\/users\/288"}],"replies":[{"embeddable":true,"href":"https:\/\/www.kananas.com\/myassociation962\/wp-json\/wp\/v2\/comments?post=7174"}],"version-history":[{"count":1,"href":"https:\/\/www.kananas.com\/myassociation962\/wp-json\/wp\/v2\/posts\/7174\/revisions"}],"predecessor-version":[{"id":7177,"href":"https:\/\/www.kananas.com\/myassociation962\/wp-json\/wp\/v2\/posts\/7174\/revisions\/7177"}],"wp:featuredmedia":[{"embeddable":true,"href":"https:\/\/www.kananas.com\/myassociation962\/wp-json\/wp\/v2\/media\/7175"}],"wp:attachment":[{"href":"https:\/\/www.kananas.com\/myassociation962\/wp-json\/wp\/v2\/media?parent=7174"}],"wp:term":[{"taxonomy":"category","embeddable":true,"href":"https:\/\/www.kananas.com\/myassociation962\/wp-json\/wp\/v2\/categories?post=7174"},{"taxonomy":"post_tag","embeddable":true,"href":"https:\/\/www.kananas.com\/myassociation962\/wp-json\/wp\/v2\/tags?post=7174"}],"curies":[{"name":"wp","href":"https:\/\/api.w.org\/{rel}","templated":true}]}}