{"id":941,"date":"2014-10-03T18:07:28","date_gmt":"2014-10-03T16:07:28","guid":{"rendered":"http:\/\/www.kananas.com\/myassociation962\/?p=941"},"modified":"2017-07-30T23:02:23","modified_gmt":"2017-07-30T21:02:23","slug":"dynamisme-enthousiasme-efficacite","status":"publish","type":"post","link":"https:\/\/www.kananas.com\/myassociation962\/dynamisme-enthousiasme-efficacite\/","title":{"rendered":"Dynamisme, enthousiasme, efficacit\u00e9 !"},"content":{"rendered":"<p class=\"western\" align=\"center\"><span style=\"font-size: 14px\"><strong><span style=\"color: black\"><i><big><span style=\"font-family: Arial\">C\u2019est ainsi qu\u2019il faudrait r\u00e9sumer le bilan de l\u2019association \u00e9tabli lors de l\u2019assembl\u00e9e g\u00e9n\u00e9rale du 24 juin 2014<br \/>\nau foyer Aristide Briand \u00e0 Gagny.<\/p>\n<p><\/span><\/big><\/i><\/span><\/strong><\/span><\/p>\n<p class=\"western\" style=\"text-align: left\" align=\"center\"><span style=\"font-size: 14px\"><big><span style=\"color: black\">Chacun pourra en juger \u00e0 travers ces extraits du rapport moral du Pr\u00e9sident Alain JUNQUA\u00a0:<\/span><\/big><\/span><\/p>\n<p class=\"western\" align=\"justify\"><span style=\"color: black;font-size: 12px\"><big><span style=\"font-family: Arial\">\u00ab\u00a0Ce temps fort de la vie associative est d\u2019autant plus important cette ann\u00e9e qu\u2019il s\u2019agit du premier exercice dont rend compte la nouvelle direction g\u00e9n\u00e9rale depuis sa prise de fonction le 1er janvier 2013.<\/span><\/big><\/span><\/p>\n<p class=\"western\" align=\"justify\"><span style=\"color: black;font-size: 12px\"><big><span style=\"font-family: Arial\">Je tiens \u00e0 lui rendre un hommage particulier car il s\u2019agissait bien de relever un d\u00e9fi. La directrice g\u00e9n\u00e9rale, Florence MAZERAT et son adjoint, Yann CHATELIN, ont su y faire face avec une grande d\u00e9termination et beaucoup de pers\u00e9v\u00e9rance malgr\u00e9 des difficult\u00e9s nombreuses auxquelles il leur a fallu apporter des solutions. Ils les ont l\u2019un et l\u2019autre assum\u00e9es au mieux des int\u00e9r\u00eats de l\u2019association mais aussi des jeunes qui lui sont confi\u00e9s. Ils n\u2019ont m\u00e9nag\u00e9 ni leur peine, ni leur temps et ont su insuffler un travail d\u2019\u00e9quipe, privil\u00e9giant la concertation et la coh\u00e9sion, tant avec le personnel administratif du si\u00e8ge qu\u2019avec l\u2019ensemble des cadres dont le travail a \u00e9t\u00e9 valoris\u00e9. Tous ont trouv\u00e9, dans son exercice quotidien, de v\u00e9ritables responsabilit\u00e9s \u00e0 la mesure de leurs talents et de leur engagement au sein de l\u2019association. Une v\u00e9ritable synergie s\u2019est progressivement mise en place et des \u00e9quipes se sont constitu\u00e9es rendant plus efficace et plus r\u00e9active l\u2019action de chacun.<\/span><\/big><\/span><\/p>\n<p class=\"western\" align=\"justify\"><span style=\"color: black;font-size: 12px\"><big><span style=\"font-family: Arial\">Cette \u00e9volution remarquable a port\u00e9 des fruits prometteurs dans un climat social d\u00e9tendu, voire apais\u00e9, et pour le plus grand plaisir de tous.<\/span><\/big><\/span><\/p>\n<p class=\"western\" align=\"justify\"><span style=\"color: black;font-size: 12px\"><big><span style=\"font-family: Arial\">L\u2019association a connu en 2013 un taux d\u2019activit\u00e9 de 121 % &#8211; qui ne cesse d\u2019augmenter &#8211; et a accueilli plus de cent cinquante jeunes dans ses diff\u00e9rentes structures. Les foyers ont tous \u00e9t\u00e9, \u00e0 certains moments, en sureffectif et cela a pu se r\u00e9aliser dans de bonnes conditions gr\u00e2ce au recours plus important \u00e0 des solutions alternatives\u00a0: accueil en foyers de jeunes travailleurs, appartements partag\u00e9s, familles relais, association La Passerelle\u2026<\/span><\/big><\/span><\/p>\n<p class=\"western\" align=\"justify\"><span style=\"color: black;font-size: 12px\"><big><span style=\"font-family: Arial\">Corollaire de cette suractivit\u00e9, tous les postes budg\u00e9taires de salari\u00e9s ont \u00e9t\u00e9 occup\u00e9s par des recrutements en proportion des vacances constat\u00e9es, recrutements auxquels les cadres ont \u00e9t\u00e9 \u00e9troitement associ\u00e9s.<\/span><\/big><\/span><\/p>\n<p class=\"western\" align=\"justify\"><span style=\"color: black;font-size: 12px\"><big><span style=\"font-family: Arial\">Le dispositif d\u2019accueil personnalis\u00e9 a connu un d\u00e9veloppement important en raison de la forte demande des services de l\u2019Aide Sociale \u00e0 l\u2019Enfance du D\u00e9partement. Cr\u00e9\u00e9 \u00e0 l\u2019origine \u00e0 titre exp\u00e9rimental et pour neuf jeunes en totale d\u00e9sh\u00e9rence, il en a compt\u00e9 jusqu\u2019\u00e0 trente trois, tous bien s\u00fbr, confi\u00e9s par l\u2019ASE. Malheureusement, le financement de ces mesures, particuli\u00e8rement co\u00fbteuses, n\u2019a pas imm\u00e9diatement suivi mettant l\u2019association dans l\u2019obligation de faire une avance de tr\u00e9sorerie qui, en fin d\u2019ann\u00e9e, a d\u00e9pass\u00e9 ses possibilit\u00e9s. Je peux vous rassurer sur l\u2019issue positive de cette d\u00e9rive, le d\u00e9partement s\u2019attachant \u00e0 financer le DAP au co\u00fbt r\u00e9el et connu tant pour l\u2019ann\u00e9e \u00e9coul\u00e9e que pour celle \u00e0 venir. Le nombre de jeunes accueillis dans ce dispositif particulier sera d\u00e9sormais limit\u00e9 \u00e0 vingt.<\/span><\/big><\/span><\/p>\n<p class=\"western\" align=\"justify\"><span style=\"color: black;font-size: 12px\"><big><span style=\"font-family: Arial\">Ce dispositif a \u00e9t\u00e9 con\u00e7u pour des jeunes en tr\u00e8s grandes difficult\u00e9s d\u2019insertion sociale, ne supportant plus d\u2019\u00eatre maintenus en collectivit\u00e9, pour la plupart en situation de marginalit\u00e9 aggrav\u00e9e avec de graves troubles de la personnalit\u00e9 rendant indispensables un accompagnement individualis\u00e9 constant et des soins adapt\u00e9s de type psychologique voire m\u00e9dico-psychiatrique. Concorde a d\u00fb une fois encore s\u2019adapter, ce n\u2019est pas la premi\u00e8re fois de son histoire&#8230; <\/span> <\/big><\/span><\/p>\n<p class=\"western\" align=\"justify\"><span style=\"color: black;font-size: 12px\"><big><span style=\"font-family: Arial\">Aussi, je tiens \u00e0 nouveau \u00e0 rendre hommage \u00e0 Florence MAZERAT et \u00e0 Yann CHATELIN mais aussi \u00e0 Kader AKBAL, chef de service, qui s\u2019impliquent personnellement aupr\u00e8s de chacun de ces jeunes tr\u00e8s au-del\u00e0 de ce que la seule conscience professionnelle exigerait. Qu\u2019ils en soient remerci\u00e9s.<\/span><\/big><\/span><\/p>\n<p class=\"western\" align=\"justify\"><span style=\"color: black;font-size: 12px\"><big><span style=\"font-family: Arial\">Nous avons sign\u00e9 en 2013 une convention de partenariat avec l\u2019Association METABOLE qui a une exp\u00e9rience particuli\u00e8re en ce domaine et une expertise clinique \u00e9prouv\u00e9e, assur\u00e9e du concours d\u2019un r\u00e9seau de psychologues cliniciens-psychoth\u00e9rapeutes. <\/span> <\/big><\/span><\/p>\n<p class=\"western\" align=\"justify\"><span style=\"color: black;font-size: 12px\"><big><span style=\"font-family: Arial\">Les foyers, pour leur part, ont bien fonctionn\u00e9 tant en ce qui concerne leur gestion proprement dite que l\u2019accueil et l\u2019accompagnement des jeunes.<\/span><\/big><\/span><\/p>\n<p class=\"western\" align=\"justify\"><span style=\"color: black;font-size: 12px\"><big><span style=\"font-family: Arial\">Les cadres et leurs \u00e9quipes ont eu \u00e0 se livrer en 2013 et pour la premi\u00e8re fois \u00e0 un exercice d\u00e9licat, celui de l\u2019\u00e9valuation interne, obligation n\u00e9e de la Loi du 2 Janvier 2002 r\u00e9novant l\u2019action sociale et m\u00e9dico-sociale, les pla\u00e7ant dans la n\u00e9cessit\u00e9 d\u2019analyser leurs pratiques, d\u2019en tirer les cons\u00e9quences sous forme de pr\u00e9conisations ou de recommandations \u00e0 s\u2019imposer pour l\u2019avenir. Ce fut une tr\u00e8s lourde t\u00e2che et j\u2019ai pu me porter garant de la qualit\u00e9 de leur travail.<\/span><\/big><\/span><\/p>\n<p class=\"western\" align=\"justify\"><span style=\"color: black;font-size: 12px\"><big><span style=\"font-family: Arial\">Nous demandons beaucoup \u00e0 l\u2019ensemble de nos personnels, non seulement \u00e9ducatifs mais aussi administratifs et de service. Je salue leur disponibilit\u00e9 et leur bonne humeur.<\/span><\/big><\/span><\/p>\n<p class=\"western\" align=\"justify\"><span style=\"color: black;font-size: 12px\"><big><span style=\"font-family: Arial\">L\u2019ann\u00e9e 2013 a vu, \u00e9galement, se concr\u00e9tiser plusieurs projets dont la finalisation aura lieu cette ann\u00e9e\u00a0: une cuisine centrale, au sein d\u2019un groupement de coop\u00e9ration sociale avec deux autres associations, pour se substituer \u00e0 la cuisine de notre foyer de GAGNY 1 qui n\u2019est plus aux normes, et la conclusion d\u2019un bail locatif avec la communaut\u00e9 d\u2019agglom\u00e9ration de Montfermeil-Clichy qui met \u00e0 notre disposition pour loger notre si\u00e8ge administratif, des locaux situ\u00e9s \u00e0 MONTFERMEIL plus vastes et plus fonctionnels que ceux dont nous disposons actuellement. Ce ne sera pas sans une certaine nostalgie que les personnels quitteront l\u2019immeuble de la rue Delagarde, chaleureux et convivial, mais devenu au fil du temps insuffisant et v\u00e9tuste. <\/span> <\/big><\/span><\/p>\n<p class=\"western\" align=\"justify\"><span style=\"color: black;font-size: 12px\"><big><span style=\"font-family: Arial\">Notre Maison de VERTAULT, aux confins de la Bourgogne et de la Champagne, est tr\u00e8s sollicit\u00e9e et souvent occup\u00e9e. Des travaux d\u2019entretien et de nettoyage, accomplis par une \u00e9quipe de volontaires, l\u2019ont rendu encore plus accueillante.<\/span><\/big><\/span><\/p>\n<p class=\"western\" align=\"justify\"><span style=\"color: black;font-size: 12px\"><big><span style=\"font-family: Arial\">Je vous disais, l\u2019an dernier, que l\u2019association \u00e9tait \u00e0 une \u00e9tape charni\u00e8re de son histoire, je me r\u00e9jouis de vous dire que cette \u00e9tape a \u00e9t\u00e9 franchie dans la s\u00e9r\u00e9nit\u00e9 et l\u2019harmonie, avec un esprit affirm\u00e9 de continuit\u00e9 mais aussi une franche volont\u00e9 de renouveau et de cr\u00e9ativit\u00e9 ainsi qu\u2019avec la confiance renouvel\u00e9e des autorit\u00e9s publiques du Conseil G\u00e9n\u00e9ral comme de l\u2019Etat et des municipalit\u00e9s de Montfermeil, Gagny et Coubron.<\/span><\/big><\/span><\/p>\n<p class=\"western\" align=\"justify\"><span style=\"color: black;font-size: 12px\"><big><span style=\"font-family: Arial\">Permettez-moi de souligner la forte implication des membres du Conseil d\u2019Administration qui ont accompagn\u00e9 la Direction G\u00e9n\u00e9rale avec vigilance mais aussi beaucoup de sympathie. Le Conseil s\u2019est r\u00e9uni cinq fois et le Bureau, \u00e9galement, cinq fois, \u00e0 plusieurs reprises dans des foyers ce qui a permis aux cadres de ces derniers de pr\u00e9senter eux-m\u00eames leur activit\u00e9.<\/span><\/big><\/span><\/p>\n<p class=\"western\" align=\"justify\"><span style=\"color: black;font-size: 12px\"><big><span style=\"font-family: Arial\">J\u2019ai, pour ma part, outre des visites r\u00e9guli\u00e8res dans les foyers, rencontr\u00e9 le Maire de Montfermeil, le Pr\u00e9sident du Tribunal de Grande Instance, les repr\u00e9sentants de la Direction de l\u2019Enfance et de la Famille et de l\u2019Aide Sociale \u00e0 l\u2019Enfance ainsi que ceux de la Protection Judiciaire de la Jeunesse et plusieurs juges des enfants de Bobigny.Enfin, je veux, au nom du Conseil d\u2019Administration, remercier chaleureusement l\u2019ensemble des personnels de l\u2019association sans lesquels rien ne serait possible. Sous la direction de Florence MAZERAT, Yann CHATELIN et de leurs cadres, ils accomplissent un travail remarquable qui m\u00e9rite d\u2019\u00eatre sp\u00e9cialement soulign\u00e9.<\/span><\/big><\/span><\/p>\n<p class=\"western\" align=\"justify\"><span style=\"color: black;font-size: 12px\"><big><span style=\"font-family: Arial\">Je veux remercier nos cuisiniers qui ont pr\u00e9par\u00e9 la r\u00e9ception qui suivra l\u2019assembl\u00e9e g\u00e9n\u00e9rale malgr\u00e9 leurs nombreuses contraintes professionnelles de ces derniers jours et de ces derni\u00e8res semaines. Je suis s\u00fbr que vous saurez leur manifester votre satisfaction.<\/span><\/big><\/span><\/p>\n","protected":false},"excerpt":{"rendered":"<p>C\u2019est ainsi qu\u2019il faudrait r\u00e9sumer le bilan de l\u2019association \u00e9tabli lors de l\u2019assembl\u00e9e g\u00e9n\u00e9rale du 24 juin 2014 au foyer<\/p>\n","protected":false},"author":288,"featured_media":0,"comment_status":"closed","ping_status":"closed","sticky":false,"template":"","format":"standard","meta":{"colormag_page_container_layout":"default_layout","colormag_page_sidebar_layout":"default_layout","_crdt_document":"","footnotes":""},"categories":[25,5],"tags":[],"class_list":["post-941","post","type-post","status-publish","format-standard","hentry","category-la-lettre-n62","category-vie-de-lassociation"],"_links":{"self":[{"href":"https:\/\/www.kananas.com\/myassociation962\/wp-json\/wp\/v2\/posts\/941","targetHints":{"allow":["GET"]}}],"collection":[{"href":"https:\/\/www.kananas.com\/myassociation962\/wp-json\/wp\/v2\/posts"}],"about":[{"href":"https:\/\/www.kananas.com\/myassociation962\/wp-json\/wp\/v2\/types\/post"}],"author":[{"embeddable":true,"href":"https:\/\/www.kananas.com\/myassociation962\/wp-json\/wp\/v2\/users\/288"}],"replies":[{"embeddable":true,"href":"https:\/\/www.kananas.com\/myassociation962\/wp-json\/wp\/v2\/comments?post=941"}],"version-history":[{"count":1,"href":"https:\/\/www.kananas.com\/myassociation962\/wp-json\/wp\/v2\/posts\/941\/revisions"}],"predecessor-version":[{"id":942,"href":"https:\/\/www.kananas.com\/myassociation962\/wp-json\/wp\/v2\/posts\/941\/revisions\/942"}],"wp:attachment":[{"href":"https:\/\/www.kananas.com\/myassociation962\/wp-json\/wp\/v2\/media?parent=941"}],"wp:term":[{"taxonomy":"category","embeddable":true,"href":"https:\/\/www.kananas.com\/myassociation962\/wp-json\/wp\/v2\/categories?post=941"},{"taxonomy":"post_tag","embeddable":true,"href":"https:\/\/www.kananas.com\/myassociation962\/wp-json\/wp\/v2\/tags?post=941"}],"curies":[{"name":"wp","href":"https:\/\/api.w.org\/{rel}","templated":true}]}}