{"id":946,"date":"2014-10-03T18:27:54","date_gmt":"2014-10-03T16:27:54","guid":{"rendered":"http:\/\/www.kananas.com\/myassociation962\/?p=946"},"modified":"2018-03-08T11:29:17","modified_gmt":"2018-03-08T10:29:17","slug":"avril-a-morzine","status":"publish","type":"post","link":"https:\/\/www.kananas.com\/myassociation962\/avril-a-morzine\/","title":{"rendered":"En avril \u00e0 Morzine"},"content":{"rendered":"<p style=\"text-align: justify\">Le foyer a organis\u00e9 un s\u00e9jour de ski \u00e0 Morzine Avoriaz du 12 au 19 avril. L\u2019occasion de revenir avec des souvenirs pleins la t\u00eate pour 10 jeunes dont plusieurs d\u00e9couvraient la montagne et la neige pour la premi\u00e8re fois. L&rsquo;apprentissage du ski a \u00e9t\u00e9 plut\u00f4t rapide car tous \u00e9taient d\u00e9termin\u00e9s \u00e0 se surpasser. Ce s\u00e9jour fut \u00e9galement l&rsquo;occasion de d\u00e9couvrir certains d&rsquo;entre eux sous un autre angle et de partager des moments forts. Merci \u00e0 tous les jeunes pour cette belle semaine.<\/p>\n","protected":false},"excerpt":{"rendered":"<p>Le foyer a organis\u00e9 un s\u00e9jour de ski \u00e0 Morzine Avoriaz du 12 au 19 avril. L\u2019occasion de revenir avec<\/p>\n","protected":false},"author":288,"featured_media":3985,"comment_status":"closed","ping_status":"closed","sticky":false,"template":"","format":"standard","meta":{"colormag_page_container_layout":"default_layout","colormag_page_sidebar_layout":"default_layout","_crdt_document":"","footnotes":""},"categories":[25,4],"tags":[],"class_list":["post-946","post","type-post","status-publish","format-standard","has-post-thumbnail","hentry","category-la-lettre-n62","category-vie-des-maisons"],"_links":{"self":[{"href":"https:\/\/www.kananas.com\/myassociation962\/wp-json\/wp\/v2\/posts\/946","targetHints":{"allow":["GET"]}}],"collection":[{"href":"https:\/\/www.kananas.com\/myassociation962\/wp-json\/wp\/v2\/posts"}],"about":[{"href":"https:\/\/www.kananas.com\/myassociation962\/wp-json\/wp\/v2\/types\/post"}],"author":[{"embeddable":true,"href":"https:\/\/www.kananas.com\/myassociation962\/wp-json\/wp\/v2\/users\/288"}],"replies":[{"embeddable":true,"href":"https:\/\/www.kananas.com\/myassociation962\/wp-json\/wp\/v2\/comments?post=946"}],"version-history":[{"count":2,"href":"https:\/\/www.kananas.com\/myassociation962\/wp-json\/wp\/v2\/posts\/946\/revisions"}],"predecessor-version":[{"id":3262,"href":"https:\/\/www.kananas.com\/myassociation962\/wp-json\/wp\/v2\/posts\/946\/revisions\/3262"}],"wp:featuredmedia":[{"embeddable":true,"href":"https:\/\/www.kananas.com\/myassociation962\/wp-json\/wp\/v2\/media\/3985"}],"wp:attachment":[{"href":"https:\/\/www.kananas.com\/myassociation962\/wp-json\/wp\/v2\/media?parent=946"}],"wp:term":[{"taxonomy":"category","embeddable":true,"href":"https:\/\/www.kananas.com\/myassociation962\/wp-json\/wp\/v2\/categories?post=946"},{"taxonomy":"post_tag","embeddable":true,"href":"https:\/\/www.kananas.com\/myassociation962\/wp-json\/wp\/v2\/tags?post=946"}],"curies":[{"name":"wp","href":"https:\/\/api.w.org\/{rel}","templated":true}]}}