{"id":953,"date":"2014-10-03T18:37:23","date_gmt":"2014-10-03T16:37:23","guid":{"rendered":"http:\/\/www.kananas.com\/myassociation962\/?p=953"},"modified":"2017-07-30T23:02:08","modified_gmt":"2017-07-30T21:02:08","slug":"rencontre-aide-sociale-a-lenfance-education-nationale","status":"publish","type":"post","link":"https:\/\/www.kananas.com\/myassociation962\/rencontre-aide-sociale-a-lenfance-education-nationale\/","title":{"rendered":"Rencontre Aide Sociale \u00e0 l\u2019Enfance \/ Education Nationale"},"content":{"rendered":"<p>C\u2019est la deuxi\u00e8me ann\u00e9e que le foyer Marie-Foilaine Desolneux organise un barbecue auquel il invite l\u2019ASE et l\u2019\u00e9ducation nationale afin que ces partenaires disposent d\u2019un moment convivial d\u2019\u00e9changes pour mieux cerner le travail de chacun et discuter sur ce qui nous motive tous\u00a0: l\u2019avenir des jeunes qui nous sont confi\u00e9s.<\/p>\n<p>Cette rencontre s\u2019est d\u00e9roul\u00e9e le mercredi 14 mai 2014 \u00e0 midi, plus t\u00f4t que l\u2019ann\u00e9e pass\u00e9e pour que les \u00e9tablissements scolaires puissent \u00eatre pr\u00e9sents car, on le sait bien, la fin d\u2019ann\u00e9e est toujours tr\u00e8s charg\u00e9e pour eux.<\/p>\n<p>Si le coll\u00e8ge Henri IV, repr\u00e9sent\u00e9 par M. BEYLOT et ses collaborateurs, le coll\u00e8ge Pablo Picasso, repr\u00e9sent\u00e9 par une CPE, Mme BAGNOL et ses coll\u00e8gues, \u00e9taient l\u00e0, il est dommageable que les circonscriptions ne se soient pas plus mobilis\u00e9es. En effet, 3 seulement ont r\u00e9pondu pr\u00e9sentes pour ce moment de partage entre professionnels et jeunes.<\/p>\n<p>Nous renouvellerons cette manifestation l\u2019ann\u00e9e prochaine et esp\u00e9rons que tous les professionnels gravitant autour de nos jeunes seront au rendez-vous.<\/p>\n<p>Un grand merci \u00e0 tout le personnel du Foyer, que ce soit l\u2019\u00e9quipe \u00e9ducative pour son investissement, le cuisinier et les services g\u00e9n\u00e9raux pour la confection du repas et la mise en place, les jeunes pour leur participation\u00a0: ils ont fait de cette journ\u00e9e un moment riche et agr\u00e9able.<\/p>\n","protected":false},"excerpt":{"rendered":"<p>C\u2019est la deuxi\u00e8me ann\u00e9e que le foyer Marie-Foilaine Desolneux organise un barbecue auquel il invite l\u2019ASE et l\u2019\u00e9ducation nationale afin<\/p>\n","protected":false},"author":288,"featured_media":0,"comment_status":"closed","ping_status":"closed","sticky":false,"template":"","format":"standard","meta":{"colormag_page_container_layout":"default_layout","colormag_page_sidebar_layout":"default_layout","_crdt_document":"","footnotes":""},"categories":[25,5],"tags":[],"class_list":["post-953","post","type-post","status-publish","format-standard","hentry","category-la-lettre-n62","category-vie-de-lassociation"],"_links":{"self":[{"href":"https:\/\/www.kananas.com\/myassociation962\/wp-json\/wp\/v2\/posts\/953","targetHints":{"allow":["GET"]}}],"collection":[{"href":"https:\/\/www.kananas.com\/myassociation962\/wp-json\/wp\/v2\/posts"}],"about":[{"href":"https:\/\/www.kananas.com\/myassociation962\/wp-json\/wp\/v2\/types\/post"}],"author":[{"embeddable":true,"href":"https:\/\/www.kananas.com\/myassociation962\/wp-json\/wp\/v2\/users\/288"}],"replies":[{"embeddable":true,"href":"https:\/\/www.kananas.com\/myassociation962\/wp-json\/wp\/v2\/comments?post=953"}],"version-history":[{"count":1,"href":"https:\/\/www.kananas.com\/myassociation962\/wp-json\/wp\/v2\/posts\/953\/revisions"}],"predecessor-version":[{"id":954,"href":"https:\/\/www.kananas.com\/myassociation962\/wp-json\/wp\/v2\/posts\/953\/revisions\/954"}],"wp:attachment":[{"href":"https:\/\/www.kananas.com\/myassociation962\/wp-json\/wp\/v2\/media?parent=953"}],"wp:term":[{"taxonomy":"category","embeddable":true,"href":"https:\/\/www.kananas.com\/myassociation962\/wp-json\/wp\/v2\/categories?post=953"},{"taxonomy":"post_tag","embeddable":true,"href":"https:\/\/www.kananas.com\/myassociation962\/wp-json\/wp\/v2\/tags?post=953"}],"curies":[{"name":"wp","href":"https:\/\/api.w.org\/{rel}","templated":true}]}}