{"id":955,"date":"2014-10-03T18:37:57","date_gmt":"2014-10-03T16:37:57","guid":{"rendered":"http:\/\/www.kananas.com\/myassociation962\/?p=955"},"modified":"2017-07-30T23:01:59","modified_gmt":"2017-07-30T21:01:59","slug":"accueil-de-m-toro-maire-de-coubron","status":"publish","type":"post","link":"https:\/\/www.kananas.com\/myassociation962\/accueil-de-m-toro-maire-de-coubron\/","title":{"rendered":"Accueil de M. TORO, Maire de Coubron"},"content":{"rendered":"<p>Le 24 juin dernier, nous avons eu le plaisir de recevoir M. Ludovic TORO, maire de Coubron au foyer Marie-Foilaine Desolneux. Etaient pr\u00e9sents\u00a0: MM. Alain JUNQUA et Claude CHIROUSE, respectivement pr\u00e9sident et secr\u00e9taire g\u00e9n\u00e9ral de l\u2019AEPC, Mme Florence MAZERAT, directrice g\u00e9n\u00e9rale, M. Yann CHATELIN, directeur g\u00e9n\u00e9ral adjoint, Mme Sylvie DOUDET, assistante de direction et Coubronnaise, les cadres et \u00e9ducateurs de la structure.<\/p>\n<p>C\u2019est avec simplicit\u00e9 et enthousiasme que M. TORO a r\u00e9pondu favorablement \u00e0 notre invitation.<\/p>\n<p>Cette rencontre a permis d\u2019\u00e9changer sur le mode de fonctionnement du foyer, sur son implication au sein de la commune et d\u2019\u00e9ventuelles participations \u00e0 des manifestions locales.<\/p>\n<p>M. TORO a conclu cette rencontre en exprimant son envie que les jeunes accueillis dans notre structure soient consid\u00e9r\u00e9s comme tous les autres jeunes de sa commune, c\u2019est-\u00e0-dire comme des Coubronnais \u00e0 part enti\u00e8re.<\/p>\n","protected":false},"excerpt":{"rendered":"<p>Le 24 juin dernier, nous avons eu le plaisir de recevoir M. Ludovic TORO, maire de Coubron au foyer Marie-Foilaine<\/p>\n","protected":false},"author":288,"featured_media":0,"comment_status":"closed","ping_status":"closed","sticky":false,"template":"","format":"standard","meta":{"colormag_page_container_layout":"default_layout","colormag_page_sidebar_layout":"default_layout","_crdt_document":"","footnotes":""},"categories":[25,5],"tags":[],"class_list":["post-955","post","type-post","status-publish","format-standard","hentry","category-la-lettre-n62","category-vie-de-lassociation"],"_links":{"self":[{"href":"https:\/\/www.kananas.com\/myassociation962\/wp-json\/wp\/v2\/posts\/955","targetHints":{"allow":["GET"]}}],"collection":[{"href":"https:\/\/www.kananas.com\/myassociation962\/wp-json\/wp\/v2\/posts"}],"about":[{"href":"https:\/\/www.kananas.com\/myassociation962\/wp-json\/wp\/v2\/types\/post"}],"author":[{"embeddable":true,"href":"https:\/\/www.kananas.com\/myassociation962\/wp-json\/wp\/v2\/users\/288"}],"replies":[{"embeddable":true,"href":"https:\/\/www.kananas.com\/myassociation962\/wp-json\/wp\/v2\/comments?post=955"}],"version-history":[{"count":1,"href":"https:\/\/www.kananas.com\/myassociation962\/wp-json\/wp\/v2\/posts\/955\/revisions"}],"predecessor-version":[{"id":956,"href":"https:\/\/www.kananas.com\/myassociation962\/wp-json\/wp\/v2\/posts\/955\/revisions\/956"}],"wp:attachment":[{"href":"https:\/\/www.kananas.com\/myassociation962\/wp-json\/wp\/v2\/media?parent=955"}],"wp:term":[{"taxonomy":"category","embeddable":true,"href":"https:\/\/www.kananas.com\/myassociation962\/wp-json\/wp\/v2\/categories?post=955"},{"taxonomy":"post_tag","embeddable":true,"href":"https:\/\/www.kananas.com\/myassociation962\/wp-json\/wp\/v2\/tags?post=955"}],"curies":[{"name":"wp","href":"https:\/\/api.w.org\/{rel}","templated":true}]}}