{"id":966,"date":"2014-10-03T18:57:28","date_gmt":"2014-10-03T16:57:28","guid":{"rendered":"http:\/\/www.kananas.com\/myassociation962\/?p=966"},"modified":"2018-02-28T17:42:56","modified_gmt":"2018-02-28T16:42:56","slug":"chevreul-en-campagne","status":"publish","type":"post","link":"https:\/\/www.kananas.com\/myassociation962\/chevreul-en-campagne\/","title":{"rendered":"Chevreul en campagne\u2026"},"content":{"rendered":"<p class=\"western\" style=\"text-align: justify\"><span style=\"color: #000000\"><span style=\"font-size: 12px\"><big><span style=\"font-family: Arial\">A l&rsquo;occasion du week-end du 8 mai, les jeunes du foyer Chevreul ont pass\u00e9 4 jours \u00e0 Vertault. Ils appr\u00e9cient cette grande maison de campagne bourguignonne et le cadre qui l&rsquo;entoure. Loin du stress de Paris et de sa banlieue, les enfants s\u2019y sont ressourc\u00e9s avant de reprendre le chemin de l&rsquo;\u00e9cole et bien terminer leur ann\u00e9e scolaire. <\/span><\/big><\/span><span style=\"font-size: 12px\"><big><span style=\"font-family: Arial\">Durant ce s\u00e9jour, les jeunes ont p\u00each\u00e9 dans la rivi\u00e8re \u00e0 la sortie du village et au lac de Marcenay, pass\u00e9 une journ\u00e9e au parc d&rsquo;attraction Nigloland de Dolancourt <\/span><\/big><\/span><span style=\"font-size: 12px\"><big><span style=\"font-family: Arial\">\u00e0 moins d&rsquo;une heure de Vertault. Ce parc tr\u00e8s convivial et familial offre des moments d\u2019\u00e9motions avec les man\u00e8ges \u00e0 sensations. <\/span><\/big><\/span><span style=\"font-size: 12px\"><big><span style=\"font-family: Arial\">Tout un apr\u00e8s-midi, ils ont visit\u00e9 la ferme p\u00e9dagogique de \u00ab\u00a0La Marque\u00a0\u00bb \u00e0 Champ-sur-Aube. Ce fut l\u2019occasion de d\u00e9couvrir une salle de f\u00e9condation de poules et d&rsquo;oies. Ils ont pu s\u2019attendrir en prenant dans leurs bras des petits poussins qui ont besoin encore de beaucoup de chaleur et de soin, et participer \u00e0 plusieurs t\u00e2ches avec la fermi\u00e8re\u00a0dont le ramassage des oeufs dans le poulailler. <\/span><\/big><\/span><span style=\"font-size: 12px\"><big><span style=\"font-family: Arial\">Plus tard, ils ont distribu\u00e9 du foin, rempli d&rsquo;eau les abreuvoirs \u00e0 l\u2019occasion de la visite des moutons, des ch\u00e8vres, des lapins, des cochons\u2026 <\/span><\/big><\/span><span style=\"font-size: 12px\"><big><span style=\"font-family: Arial\">Dans les \u00e9tables, ils ont nourri les vaches et les veaux et m\u00eame pris le temps de nettoyer les all\u00e9es avec les balais et les pelles mis \u00e0 leur disposition. <\/span><\/big><\/span><span style=\"font-size: 12px\"><big><span style=\"font-family: Arial\">Enfin, ils ont particip\u00e9 \u00e0 la traite des vaches, ont d\u00e9gust\u00e9 du lait frais et en ont remport\u00e9 un litre \u00e0 la maison pour faire un bon chocolat chaud !<\/span><\/big><\/span><\/span><\/p>\n<p style=\"text-align: right\"><span style=\"font-size: 12px\"><span style=\"color: #000000\"><big><span style=\"font-family: Arial\"><br \/>\nRomain GUEHO et Sarah AHADRI &#8211; <\/span><\/big><\/span><span style=\"color: #003300\"><big><span style=\"font-family: Arial\"><i><span style=\"color: #000000\">\u00c9ducateurs du foyer Chevreu<\/span>l<\/i><\/span><\/big><\/span><\/span><\/p>\n","protected":false},"excerpt":{"rendered":"<p>A l&rsquo;occasion du week-end du 8 mai, les jeunes du foyer Chevreul ont pass\u00e9 4 jours \u00e0 Vertault. Ils appr\u00e9cient<\/p>\n","protected":false},"author":288,"featured_media":3843,"comment_status":"closed","ping_status":"closed","sticky":false,"template":"","format":"standard","meta":{"colormag_page_container_layout":"default_layout","colormag_page_sidebar_layout":"default_layout","_crdt_document":"","footnotes":""},"categories":[25,4],"tags":[47],"class_list":["post-966","post","type-post","status-publish","format-standard","has-post-thumbnail","hentry","category-la-lettre-n62","category-vie-des-maisons","tag-foyer-chevreul"],"_links":{"self":[{"href":"https:\/\/www.kananas.com\/myassociation962\/wp-json\/wp\/v2\/posts\/966","targetHints":{"allow":["GET"]}}],"collection":[{"href":"https:\/\/www.kananas.com\/myassociation962\/wp-json\/wp\/v2\/posts"}],"about":[{"href":"https:\/\/www.kananas.com\/myassociation962\/wp-json\/wp\/v2\/types\/post"}],"author":[{"embeddable":true,"href":"https:\/\/www.kananas.com\/myassociation962\/wp-json\/wp\/v2\/users\/288"}],"replies":[{"embeddable":true,"href":"https:\/\/www.kananas.com\/myassociation962\/wp-json\/wp\/v2\/comments?post=966"}],"version-history":[{"count":6,"href":"https:\/\/www.kananas.com\/myassociation962\/wp-json\/wp\/v2\/posts\/966\/revisions"}],"predecessor-version":[{"id":3264,"href":"https:\/\/www.kananas.com\/myassociation962\/wp-json\/wp\/v2\/posts\/966\/revisions\/3264"}],"wp:featuredmedia":[{"embeddable":true,"href":"https:\/\/www.kananas.com\/myassociation962\/wp-json\/wp\/v2\/media\/3843"}],"wp:attachment":[{"href":"https:\/\/www.kananas.com\/myassociation962\/wp-json\/wp\/v2\/media?parent=966"}],"wp:term":[{"taxonomy":"category","embeddable":true,"href":"https:\/\/www.kananas.com\/myassociation962\/wp-json\/wp\/v2\/categories?post=966"},{"taxonomy":"post_tag","embeddable":true,"href":"https:\/\/www.kananas.com\/myassociation962\/wp-json\/wp\/v2\/tags?post=966"}],"curies":[{"name":"wp","href":"https:\/\/api.w.org\/{rel}","templated":true}]}}