{"id":136,"date":"2013-10-30T19:53:33","date_gmt":"2013-10-30T19:53:33","guid":{"rendered":"http:\/\/www.gestasso.com\/association\/tousmecenesenmidi-pyrenees\/?p=136"},"modified":"2013-10-30T19:53:33","modified_gmt":"2013-10-30T19:53:33","slug":"que-deviennent-julie-cordier-elodie-vom-hofe-et-barbara-weldens","status":"publish","type":"post","link":"https:\/\/www.kananas.com\/tousmecenesenmidi-pyrenees4168\/2013\/10\/30\/que-deviennent-julie-cordier-elodie-vom-hofe-et-barbara-weldens\/","title":{"rendered":"QUE DEVIENNENT JULIE CORDIER, ELODIE VOM HOFE et BARBARA WELDENS ?"},"content":{"rendered":"<p><strong>Julie CORDIER<\/strong>, souvenons-nous, est cette jeune artiste qui a \u00e9crit \u00ab\u00a0Le Secret dans la Barbe\u00a0\u00bb, conte cr\u00e9\u00e9 \u00e0 TOULOUSE gr\u00e2ce au soutien de \u00ab\u00a0Tous M\u00e9c\u00e8nes\u00a0\u00bb et, en particulier, de la famille MATEOS qui a accueilli cette oeuvre th\u00e9\u00e2trale en r\u00e9sidence, plusieurs jours, au mois de juillet 2012.<br \/>\n<strong>Elodie VOM HOFE<\/strong> tenait le r\u00f4le d&rsquo;Anita et Laure MATHIS celui de \u00ab\u00a0Miette\u00a0\u00bb.<br \/>\nCe conte, nous l&rsquo;avons d\u00e9j\u00e0 \u00e9crit, a \u00e9t\u00e9 donn\u00e9 avec grand succ\u00e8s \u00e0 GENNEVILLIERS au mois de mai 2013. Il va sa vie artistique. En passant, nous l&rsquo;esp\u00e9rons bien, par TOULOUSE (ce que nous ne manquerons pas de dire).<br \/>\nMais Julie CORDIER n&rsquo;est pas seulement auteur de ce Secret. Elle a, parmi d&rsquo;autres textes, \u00e9crit QUANTA ou \u00ab\u00a0La terrible histoire de Lulu Schr\u00f6dinger\u00a0\u00bb, conte fantastique et musical.<br \/>\n<strong>QUANTA est actuellement \u00e0 l&rsquo;affiche au th\u00e9\u00e2tre TREVISE, \u00e0 PARIS.<\/strong><br \/>\nJulie CORDIER y incarne le personnage de Lulu Schr\u00f6dinger (surnomm\u00e9e QUANTA parce que son p\u00e8re est un fou de physique quantique). Elodie VOM HOFE (rappelez-vous aussi de son spectacle en duo avec Barbara WELDENS dans \u00ab\u00a0bout d&rsquo;trottoir et coin d&rsquo;piano\u00a0\u00bb), interpr\u00e8te plusieurs r\u00f4les avec un soutien technique remarquable qui lui permet notamment de dialoguer avec son double par enregistrement vid\u00e9o en miroir et une synchronisation saisissante de pr\u00e9cision.<br \/>\nQuant \u00e0 la musique elle est sign\u00e9e de <strong>Barbara WELDENS<\/strong> (encore elle) qu&rsquo;il n&rsquo;est plus n\u00e9cessaire de pr\u00e9senter puisqu&rsquo;elle est l&rsquo;un de nos premiers coups de coeur.<br \/>\nLa premi\u00e8re repr\u00e9sentation a eu lieu le 16 octobre 2013, dans le 9\u00e8me arrondissement de Paris, 14, rue de Tr\u00e9vise.<br \/>\nNous \u00e9tions quelques uns dans ce th\u00e9\u00e2tre quelques jours plus tard. Nous avons aim\u00e9, bien s\u00fbr (sinon qu&rsquo;en parlerions-nous !).<br \/>\nCe conte musical est destin\u00e9 au jeune public. Je certifie qu&rsquo;il \u00e9merveille tous les \u00e2ges.<br \/>\nLors donc, si vous avez des enfants, des petits enfants, des ni\u00e8ces et des neveux, des filleul(es) (etc&#8230;) et que vous vous rendiez \u00e0 PARIS d&rsquo;ici le 05.01.2014 (date de la derni\u00e8re), ou si vous voulez recommander nos prot\u00e9g\u00e9es, sachez que QUANTA sera encore donn\u00e9e, jou\u00e9e et chant\u00e9e, au m\u00eame th\u00e9\u00e2tre de TREVISE (comptez une heure de spectacle environ), <strong>\u00e0 14 heures<\/strong> (horaire propice qui sied aux enfants et \u00e9pargne les pr\u00e9cieuses soir\u00e9es parisiennes) :<br \/>\n&#8211; samedi 02.11.2013<br \/>\n&#8211; mercredi 06.11.2013<br \/>\n&#8211; mercredi 13.11.2013<br \/>\n&#8211; mercredi 20.11.2013<br \/>\n&#8211; mercredi 27.11.2013<br \/>\n&#8211; samedi 30.11.2013<br \/>\n&#8211; mercredi 04.12.2013<br \/>\n&#8211; mercredi 11.12.2013<br \/>\n&#8211; samedi 14.12.2013<br \/>\n&#8211; mercredi 18.12.2013<br \/>\n&#8211; samedi 21.12.2013<br \/>\n&#8211; jeudi 02.01.2014<br \/>\n&#8211; vendredi 03.01.2014<br \/>\n&#8211; samedi 04.01.2014<br \/>\n&#8211; dimanche 05.01.2014<br \/>\nVoil\u00e0 quelle est l&rsquo;actualit\u00e9 de Julie CORDIER, Elodie VOM HOFE (et Barbara WELDENS), sachant naturellement qu&rsquo;elles travaillent toutes sur d&rsquo;autres projets.<br \/>\n<strong>R\u00e9servations : 06.70.93.26.93 ou ponyproduction@yahoo.fr<\/strong><br \/>\nBient\u00f4t d&rsquo;autres actualisations de la vie des artistes que nous soutenons<br \/>\nSIDNE CRINCHABOU<\/p>\n","protected":false},"excerpt":{"rendered":"<p>Julie CORDIER, souvenons-nous, est cette jeune artiste qui a \u00e9crit \u00ab\u00a0Le Secret dans la Barbe\u00a0\u00bb, conte cr\u00e9\u00e9 \u00e0 TOULOUSE gr\u00e2ce au soutien de \u00ab\u00a0Tous M\u00e9c\u00e8nes\u00a0\u00bb et, en particulier, de la famille MATEOS qui a accueilli cette oeuvre th\u00e9\u00e2trale en r\u00e9sidence, &hellip; <a href=\"https:\/\/www.kananas.com\/tousmecenesenmidi-pyrenees4168\/2013\/10\/30\/que-deviennent-julie-cordier-elodie-vom-hofe-et-barbara-weldens\/\">Continuer la lecture <span class=\"meta-nav\">&rarr;<\/span><\/a><\/p>\n","protected":false},"author":1149,"featured_media":0,"comment_status":"open","ping_status":"open","sticky":false,"template":"","format":"standard","meta":{"_crdt_document":"","footnotes":""},"categories":[3],"tags":[],"class_list":["post-136","post","type-post","status-publish","format-standard","hentry","category-que-deviennent-ils"],"_links":{"self":[{"href":"https:\/\/www.kananas.com\/tousmecenesenmidi-pyrenees4168\/wp-json\/wp\/v2\/posts\/136","targetHints":{"allow":["GET"]}}],"collection":[{"href":"https:\/\/www.kananas.com\/tousmecenesenmidi-pyrenees4168\/wp-json\/wp\/v2\/posts"}],"about":[{"href":"https:\/\/www.kananas.com\/tousmecenesenmidi-pyrenees4168\/wp-json\/wp\/v2\/types\/post"}],"author":[{"embeddable":true,"href":"https:\/\/www.kananas.com\/tousmecenesenmidi-pyrenees4168\/wp-json\/wp\/v2\/users\/1149"}],"replies":[{"embeddable":true,"href":"https:\/\/www.kananas.com\/tousmecenesenmidi-pyrenees4168\/wp-json\/wp\/v2\/comments?post=136"}],"version-history":[{"count":0,"href":"https:\/\/www.kananas.com\/tousmecenesenmidi-pyrenees4168\/wp-json\/wp\/v2\/posts\/136\/revisions"}],"wp:attachment":[{"href":"https:\/\/www.kananas.com\/tousmecenesenmidi-pyrenees4168\/wp-json\/wp\/v2\/media?parent=136"}],"wp:term":[{"taxonomy":"category","embeddable":true,"href":"https:\/\/www.kananas.com\/tousmecenesenmidi-pyrenees4168\/wp-json\/wp\/v2\/categories?post=136"},{"taxonomy":"post_tag","embeddable":true,"href":"https:\/\/www.kananas.com\/tousmecenesenmidi-pyrenees4168\/wp-json\/wp\/v2\/tags?post=136"}],"curies":[{"name":"wp","href":"https:\/\/api.w.org\/{rel}","templated":true}]}}