{"id":148,"date":"2014-01-26T20:33:38","date_gmt":"2014-01-26T20:33:38","guid":{"rendered":"http:\/\/www.gestasso.com\/association\/tousmecenesenmidi-pyrenees\/?p=148"},"modified":"2014-01-26T20:33:38","modified_gmt":"2014-01-26T20:33:38","slug":"ou-en-est-le-crocodile-trompeur-en-ce-debut-dannee-2014","status":"publish","type":"post","link":"https:\/\/www.kananas.com\/tousmecenesenmidi-pyrenees4168\/2014\/01\/26\/ou-en-est-le-crocodile-trompeur-en-ce-debut-dannee-2014\/","title":{"rendered":"OU EN EST LE CROCODILE TROMPEUR EN CE DEBUT D&#039;ANNEE 2014 ?"},"content":{"rendered":"<p>L&rsquo;on ne rappellera que pour m\u00e9moire notre ind\u00e9fectible soutien au CROCODILE TROMPEUR. Nous en avons quelques nouvelles, bien s\u00fbr. Elles sont tr\u00e8s bonnes. Quelques m\u00e9c\u00e8nes, qui n&rsquo;avaient pu le rencontrer \u00e0 TOULOUSE au mois de novembre 2013 mais qui n&rsquo;ont pas manqu\u00e9 l&rsquo;occasion de faire sa connaissance \u00e0 PARIS, nous ont rapport\u00e9 qu&rsquo;il allait tr\u00e8s bien.<br \/>\nIl vous int\u00e9ressera peut \u00eatre de savoir que, dans son num\u00e9ro du 1er janvier 2014, le TELERAMA \u00ab\u00a0sortir\u00a0\u00bb lui a attribu\u00e9 <strong>deux T<\/strong> en \u00e9crivant ceci :<br \/>\n\u00ab\u00a0<em>On connait les arias sublimes de l&rsquo;op\u00e9ra baroque de PURCELL inspir\u00e9 de l&rsquo;En\u00e9ide, de Virgile. Jeanne CANDEL et Samuel ACHACHE en pr\u00e9sentent une version \u00ab\u00a0bricol\u00e9e\u00a0\u00bb, questionnant l&rsquo;oeuvre sur le plan esth\u00e9tique et philosophique, au point d&rsquo;en faire une sorte d&rsquo;ovni contemporain. Des morceaux de th\u00e9\u00e2tre, burlesques ou po\u00e9tiques, dans une sc\u00e9nographie bizarre, cr\u00e9ent un d\u00e9calage avec l&rsquo;oeuvre lyrique, en faisant alterner le rire et le tragique (Didon et En\u00e9e, qui s&rsquo;aiment d&rsquo;amour, vont devoir se s\u00e9parer et Didon en mourir). Le jeu des contrastes nous surprend, et on ne comprend pas toujours le pourquoi de certaines sc\u00e8nes. Un d\u00e9calage qui, \u00e9trangement, rend pourtant bouleversantes les sc\u00e8nes lyriques chant\u00e9es par des acteurs-chanteurs magnifiques, notamment Judith CHEMLA, dirig\u00e9s par Florent HUBERT<\/em>\u00ab\u00a0.<br \/>\nA tous ceux qui auraient des regrets ou des envies d&rsquo;encore, car sa tourn\u00e9e d&rsquo;hiver est termin\u00e9e, sachez qu&rsquo;il reste de nombreuses occasions de d\u00e9couvrir cet animal qui se montre aussi au printemps :<br \/>\n&#8211; 31 mars et 1er avril : au Th\u00e9\u00e2tre Firmin-G\u00e9mier-la-Piscine \u00e0 CHATENAY-MALABRY<br \/>\n&#8211; 04 et 05 avril : \u00e0 BEZIERS, Sortie Ouest<br \/>\n&#8211; 09 et 10 avril : \u00e0 La Com\u00e8te, \u00e0 CHALONS-EN-CHAMPAGNE<br \/>\n&#8211; 16 et 17 avril : au Th\u00e9\u00e2tre des Salins \u00e0 MARTIQUES<br \/>\n&#8211; 22 au 24 avril : au Trident \u00e0 CHERBOURG<br \/>\n&#8211; 29 et 30 avril : au Forum Meyrin en SUISSE<br \/>\n&#8211; 12 et 13 mai : \u00e0 l&rsquo;Espace Malraux \u00e0 CHAMBERY<br \/>\n&#8211; 16 et 17 mai : au Th\u00e9\u00e2tre de la Renaissance \u00e0 OULLINS<br \/>\n&#8211; 20 et 21 mai : au Th\u00e9\u00e2tre de VILLEFRANCHE-SUR-SAONE<br \/>\n&#8211; 26 et 27 mai : Festival Th\u00e9\u00e2tre en mai au Th\u00e9\u00e2tre de DIJON<br \/>\n&#8211; 03 au 05 juin : CNCDC \u00e0 CHATEAUVALLON<br \/>\n&#8211; 13 et 14 juin : KUNSTFESTSPIELE \u00e0 HANOVRE (ALLEMAGNE)<br \/>\nCertes, ce n&rsquo;est pas la porte d&rsquo;\u00e0 c\u00f4t\u00e9, mais sait-on jamais ! Et puis, qui nous interdit d&rsquo;en parler \u00e0 ceux d&rsquo;entre nos proches d&rsquo;ici et de l\u00e0 ?<br \/>\nEn tous cas, voil\u00e0 un beau voyage pour ce reptile parti des rives du NIL, passant par TOULOUSE, en ayant crois\u00e9 avec bonheur notre regard et notre \u00e9coute.<br \/>\nSidne CRINCHABOU<\/p>\n","protected":false},"excerpt":{"rendered":"<p>L&rsquo;on ne rappellera que pour m\u00e9moire notre ind\u00e9fectible soutien au CROCODILE TROMPEUR. Nous en avons quelques nouvelles, bien s\u00fbr. Elles sont tr\u00e8s bonnes. Quelques m\u00e9c\u00e8nes, qui n&rsquo;avaient pu le rencontrer \u00e0 TOULOUSE au mois de novembre 2013 mais qui n&rsquo;ont &hellip; <a href=\"https:\/\/www.kananas.com\/tousmecenesenmidi-pyrenees4168\/2014\/01\/26\/ou-en-est-le-crocodile-trompeur-en-ce-debut-dannee-2014\/\">Continuer la lecture <span class=\"meta-nav\">&rarr;<\/span><\/a><\/p>\n","protected":false},"author":1149,"featured_media":0,"comment_status":"open","ping_status":"open","sticky":false,"template":"","format":"standard","meta":{"_crdt_document":"","footnotes":""},"categories":[3],"tags":[],"class_list":["post-148","post","type-post","status-publish","format-standard","hentry","category-que-deviennent-ils"],"_links":{"self":[{"href":"https:\/\/www.kananas.com\/tousmecenesenmidi-pyrenees4168\/wp-json\/wp\/v2\/posts\/148","targetHints":{"allow":["GET"]}}],"collection":[{"href":"https:\/\/www.kananas.com\/tousmecenesenmidi-pyrenees4168\/wp-json\/wp\/v2\/posts"}],"about":[{"href":"https:\/\/www.kananas.com\/tousmecenesenmidi-pyrenees4168\/wp-json\/wp\/v2\/types\/post"}],"author":[{"embeddable":true,"href":"https:\/\/www.kananas.com\/tousmecenesenmidi-pyrenees4168\/wp-json\/wp\/v2\/users\/1149"}],"replies":[{"embeddable":true,"href":"https:\/\/www.kananas.com\/tousmecenesenmidi-pyrenees4168\/wp-json\/wp\/v2\/comments?post=148"}],"version-history":[{"count":0,"href":"https:\/\/www.kananas.com\/tousmecenesenmidi-pyrenees4168\/wp-json\/wp\/v2\/posts\/148\/revisions"}],"wp:attachment":[{"href":"https:\/\/www.kananas.com\/tousmecenesenmidi-pyrenees4168\/wp-json\/wp\/v2\/media?parent=148"}],"wp:term":[{"taxonomy":"category","embeddable":true,"href":"https:\/\/www.kananas.com\/tousmecenesenmidi-pyrenees4168\/wp-json\/wp\/v2\/categories?post=148"},{"taxonomy":"post_tag","embeddable":true,"href":"https:\/\/www.kananas.com\/tousmecenesenmidi-pyrenees4168\/wp-json\/wp\/v2\/tags?post=148"}],"curies":[{"name":"wp","href":"https:\/\/api.w.org\/{rel}","templated":true}]}}