{"id":159,"date":"2015-01-06T14:59:50","date_gmt":"2015-01-06T14:59:50","guid":{"rendered":"http:\/\/www.gestasso.com\/association\/tousmecenesenmidi-pyrenees\/?p=159"},"modified":"2015-01-06T14:59:50","modified_gmt":"2015-01-06T14:59:50","slug":"une-belle-histoire-une-histoire-de-trente-ans","status":"publish","type":"post","link":"https:\/\/www.kananas.com\/tousmecenesenmidi-pyrenees4168\/2015\/01\/06\/une-belle-histoire-une-histoire-de-trente-ans\/","title":{"rendered":"UNE BELLE HISTOIRE, UNE HISTOIRE DE TRENTE ANS"},"content":{"rendered":"<div class=\"wp-playlist wp-audio-playlist wp-playlist-light\">\n\t\t\t<div class=\"wp-playlist-current-item\"><\/div>\n\t\t<audio controls=\"controls\" preload=\"none\" width=\"618\"\n\t\t\t><\/audio>\n\t<div class=\"wp-playlist-next\"><\/div>\n\t<div class=\"wp-playlist-prev\"><\/div>\n\t<noscript>\n\t<ol>\n\t\t<li><a href='https:\/\/www.kananas.com\/tousmecenesenmidi-pyrenees4168\/wp-content\/uploads\/sites\/1113\/2014\/12\/Enilce-Albegaria-4-Extraits.mp3'>Enilce Albegaria - 4 Extraits<\/a><\/li>\t<\/ol>\n\t<\/noscript>\n\t<script type=\"application\/json\" class=\"wp-playlist-script\">{\"type\":\"audio\",\"tracklist\":true,\"tracknumbers\":true,\"images\":true,\"artists\":true,\"tracks\":[{\"src\":\"https:\/\/www.kananas.com\/tousmecenesenmidi-pyrenees4168\/wp-content\/uploads\/sites\/1113\/2014\/12\/Enilce-Albegaria-4-Extraits.mp3\",\"type\":\"audio\/mpeg\",\"title\":\"Enilce Albegaria - 4 Extraits\",\"caption\":\"\",\"description\":\"\\u003Ci\\u003EEnilce Albegaria - 4 Extraits\\u003C\/i\\u003E.\",\"meta\":{\"length_formatted\":\"4:01\"},\"image\":{\"src\":\"https:\/\/www.kananas.com\/tousmecenesenmidi-pyrenees4168\/wp-includes\/images\/media\/audio.svg\",\"width\":48,\"height\":64},\"thumb\":{\"src\":\"https:\/\/www.kananas.com\/tousmecenesenmidi-pyrenees4168\/wp-includes\/images\/media\/audio.svg\",\"width\":48,\"height\":64}}]}<\/script>\n<\/div>\n\t\nUNE BELLE HISTOIRE, UNE HISTOIRE DE TRENTE ANS<br \/>\nNous voulons que vous connaissiez cette histoire qui nous a \u00e9t\u00e9 cont\u00e9e au hasard de nos hasards.<br \/>\nC\u2019est ainsi que nous avons rencontr\u00e9 Jackie SCHON. Puis Anita NADAL, sa complice.<br \/>\nNous vous invitons avec insistance \u00e0 ne pas proposer ce nom de SCHON \u00e0 un moteur de recherche (il faudrait dire : ne la googlisez pas !). Vous finiriez forc\u00e9ment par d\u00e9nicher son blog et il y a fort \u00e0 penser que vous l\u00e2cheriez notre histoire.<br \/>\n\u00ab Linguiste, Jackie SCHON est Ma\u00eetre de Conf\u00e9rence honoraire au sein du d\u00e9partement des sciences du langage \u00e0 l\u2019Universit\u00e9 de Toulouse-Mirail. Ses travaux de recherche s\u2019orientent plus sp\u00e9cifiquement sur les liens entre la linguistique et la psychanalyse, la familiarit\u00e9 langagi\u00e8re \u00bb.<br \/>\nJusque l\u00e0, disons que \u00e7a va \u00e0 peu pr\u00e8s. Ce sont les titres des ouvrages qu\u2019elle a commis, que son blog recense, qui pourraient avoir sur vous, ou sur la majorit\u00e9 d\u2019entre \u00ab nous \u00bb, des effets secondaires regrettables et injustes.<br \/>\nVoyons plut\u00f4t :<br \/>\n&#8211; \u00ab Le parler familier \u00bb, un mod\u00e8le fran\u00e7ais<br \/>\n&#8211; Le concept freudien \u00ab d\u2019inqui\u00e9tante \u00e9tranget\u00e9 \u00bb<br \/>\n&#8211; A linguistic illustration of a lacanian concept<br \/>\n&#8211; De la prise en compte des m\u00e9canismes inconscients<br \/>\n&#8211; Etc\u2026<br \/>\nNous sommes donc bien d\u2019accord : vous ne solliciterez pas la toile. Du moins pas avant d\u2019avoir lu ce qui suit.<br \/>\nSachez en effet qu\u2019\u00e0 c\u00f4t\u00e9 de cette aust\u00e8re rigueur universitaire, Jackie SCHON (il faut ajouter un tr\u00e9ma sur le \u00ab O \u00bb) a bien des jardins secrets, parmi lesquels un int\u00e9r\u00eat forcen\u00e9 pour les arts sous toutes leurs formes.<br \/>\nPo\u00e8te, paroli\u00e8re, elle a \u00e9crit dans les ann\u00e9es 1980 un dialogue th\u00e9\u00e2tral qui a \u00e9t\u00e9 mont\u00e9 puis repr\u00e9sent\u00e9 \u00e0 la Cave Po\u00e9sie \u00e0 TOULOUSE (alors dirig\u00e9e par Ren\u00e9 GOUZENNE), mais aussi jou\u00e9 en Avignon (\u00e0 la Case d\u2019Ir\u00e8ne), dans un Centre culturel \u00e0 COLOGNE et aussi au Br\u00e9sil.<br \/>\nAussi au Br\u00e9sil. Son lien avec ce pays se trouve peut \u00eatre dans la relation privil\u00e9gi\u00e9e qu\u2019elle a entretenue avec une de ses \u00e9tudiantes, Enilce ALBERGARIA qui, forte des enseignements re\u00e7us, est devenue \u00e0 son tour professeur \u00e0 l\u2019Universit\u00e9 de JUIZ de FORA.<br \/>\nJackie SCHON \u00e0 ensuite \u00e9crit un autre texte, mis en musique par une \u00ab sienne \u00bb amie, Anita NADAL. Les chansons n\u00e9es ainsi n\u2019ont pu \u00eatre enregistr\u00e9es. De b\u00eates questions d\u2019argent. Tout est tomb\u00e9 \u00e0 l\u2019eau mais les chansons ont surv\u00e9cu, toutes seules\u2026<br \/>\nEnilce ALBERGARIA leur a fait traverser l\u2019Atlantique pour les amener dans son pays. Elle a pris des cours de chant et s\u2019est mise en t\u00eate d\u2019entretenir leur souffle, leur donner une autre vie color\u00e9e aux accents du Br\u00e9sil. Les ann\u00e9es ont pass\u00e9 jusqu\u2019au jour o\u00f9 elle les a rapport\u00e9es \u00e0 leurs auteurs.<br \/>\nUn disque a \u00e9t\u00e9 grav\u00e9 en 2013, Enilce ALBERGARIA s\u2019y faisant l\u2019interpr\u00e8te de Jackie SCHON et d\u2019Anita NADAL, sur des arrangements d\u2019Estevao TEIXEIRA et le soutien de remarquables musiciens br\u00e9siliens.<br \/>\nCe disque : \u00ab Travers\u00e9e en Margens \u00bb r\u00e9unit ainsi la chanson fran\u00e7aise \u00e0 textes et la musique instrumentale br\u00e9silienne. \u00ab Un r\u00eave partag\u00e9 entre deux ailleurs \u00bb.<br \/>\nJackie SCHON, qui s\u2019\u00e9tait persuad\u00e9e que nous \u00e9tions d\u2019\u00e9minents critiques, nous a confi\u00e9 ce disque il y a quelques temps. Neuf titres et deux bonus. Un joli disque en apparence, une grande et heureuse d\u00e9couverte \u00e0 l\u2019\u00e9coute.<br \/>\nCe m\u00e9tissage, cette rencontre sont \u00e9tonnants et remarquables. Il ne fait aucun doute que la chanson est fran\u00e7aise, que les textes sont beaux et les m\u00e9lodies imparables tant elles tournent si vite dans nos t\u00eates. Il ne fait pas davantage de doute que cette chanson est habit\u00e9e \u00ab d\u2019ailleurs \u00bb. D\u2019une voix et d\u2019arrangements qui donnent \u00e0 notre langue un inverse invraisemblable. Ce sont habituellement nos chansons traduites, en anglais souvent, qui prennent une autre dimension, plus ample, plus universelle. Ici, c\u2019est l\u2019\u00e2me br\u00e9silienne qui vient servir avec une grande g\u00e9n\u00e9rosit\u00e9 notre culture. La saudade pour nourrir le r\u00e9alisme romantique exprim\u00e9 par Jackie SCHON et Anita NADAL.<br \/>\nElles n\u2019auraient jamais imagin\u00e9, \u00e0 l\u2019\u00e9poque de leur \u00e9criture, qu\u2019il en irait ainsi. Que des m\u00e9lodies sans autres intentions que gauloises pourraient parler portugais et qu\u2019une chanteuse dont il est loin d\u2019\u00eatre certain qu\u2019elle ma\u00eetrise notre langue s\u2019\u00e9prendrait \u00e0 ce point des textes de Jackie SCHON qu\u2019elle leur insufflerait son sang latino-am\u00e9ricain en forme de trait d\u2019union. De fusion.<br \/>\nBref, la \u00ab Travers\u00e9e Entre Margens \u00bb nous plait et nous avons plaisir \u00e0 vous en parler. Nous avons d\u00e9cid\u00e9 de soutenir ce disque qui a besoin de vivre, et cette \u0153uvre nourrie au temps qui a pass\u00e9.<br \/>\nComment proc\u00e9der ? Il nous est venu l\u2019id\u00e9e de joindre \u00e0 ce r\u00e9cit un fichier num\u00e9rique (r\u00e9alis\u00e9 encore par un n\u00f4tre pros\u00e9lyte, Vincent MATHIS) de 4 minutes, pour quatre extraits. Vous donner l\u2019eau \u00e0 la bouche, peut \u00eatre, pour nous dire que, m\u00e9c\u00e8nes, vous aiderez nos auteurs, ferez l\u2019acquisition de ce disque et en parlerez autour de vous (laissez-nous un message sur ce site, avec vos coordonn\u00e9es).<br \/>\nVoil\u00e0 donc une autre forme de soutien. Nous sommes certains que nous en explorerons d\u2019autres, mais d\u00e9montrons d\u2019abord que celle l\u00e0 est efficace !<br \/>\nSIDNE CRINCHABOU<\/p>\n","protected":false},"excerpt":{"rendered":"<p>UNE BELLE HISTOIRE, UNE HISTOIRE DE TRENTE ANS Nous voulons que vous connaissiez cette histoire qui nous a \u00e9t\u00e9 cont\u00e9e au hasard de nos hasards. C\u2019est ainsi que nous avons rencontr\u00e9 Jackie SCHON. Puis Anita NADAL, sa complice. Nous vous &hellip; <a href=\"https:\/\/www.kananas.com\/tousmecenesenmidi-pyrenees4168\/2015\/01\/06\/une-belle-histoire-une-histoire-de-trente-ans\/\">Continuer la lecture <span class=\"meta-nav\">&rarr;<\/span><\/a><\/p>\n","protected":false},"author":1149,"featured_media":167,"comment_status":"open","ping_status":"open","sticky":false,"template":"","format":"standard","meta":{"_crdt_document":"","footnotes":""},"categories":[1],"tags":[],"class_list":["post-159","post","type-post","status-publish","format-standard","has-post-thumbnail","hentry","category-non-classe"],"_links":{"self":[{"href":"https:\/\/www.kananas.com\/tousmecenesenmidi-pyrenees4168\/wp-json\/wp\/v2\/posts\/159","targetHints":{"allow":["GET"]}}],"collection":[{"href":"https:\/\/www.kananas.com\/tousmecenesenmidi-pyrenees4168\/wp-json\/wp\/v2\/posts"}],"about":[{"href":"https:\/\/www.kananas.com\/tousmecenesenmidi-pyrenees4168\/wp-json\/wp\/v2\/types\/post"}],"author":[{"embeddable":true,"href":"https:\/\/www.kananas.com\/tousmecenesenmidi-pyrenees4168\/wp-json\/wp\/v2\/users\/1149"}],"replies":[{"embeddable":true,"href":"https:\/\/www.kananas.com\/tousmecenesenmidi-pyrenees4168\/wp-json\/wp\/v2\/comments?post=159"}],"version-history":[{"count":0,"href":"https:\/\/www.kananas.com\/tousmecenesenmidi-pyrenees4168\/wp-json\/wp\/v2\/posts\/159\/revisions"}],"wp:featuredmedia":[{"embeddable":true,"href":"https:\/\/www.kananas.com\/tousmecenesenmidi-pyrenees4168\/wp-json\/wp\/v2\/media\/167"}],"wp:attachment":[{"href":"https:\/\/www.kananas.com\/tousmecenesenmidi-pyrenees4168\/wp-json\/wp\/v2\/media?parent=159"}],"wp:term":[{"taxonomy":"category","embeddable":true,"href":"https:\/\/www.kananas.com\/tousmecenesenmidi-pyrenees4168\/wp-json\/wp\/v2\/categories?post=159"},{"taxonomy":"post_tag","embeddable":true,"href":"https:\/\/www.kananas.com\/tousmecenesenmidi-pyrenees4168\/wp-json\/wp\/v2\/tags?post=159"}],"curies":[{"name":"wp","href":"https:\/\/api.w.org\/{rel}","templated":true}]}}