{"id":181,"date":"2015-11-16T09:01:32","date_gmt":"2015-11-16T09:01:32","guid":{"rendered":"http:\/\/www.gestasso.com\/association\/tousmecenesenmidi-pyrenees\/?p=181"},"modified":"2015-11-16T09:01:32","modified_gmt":"2015-11-16T09:01:32","slug":"ils-ont-tire","status":"publish","type":"post","link":"https:\/\/www.kananas.com\/tousmecenesenmidi-pyrenees4168\/2015\/11\/16\/ils-ont-tire\/","title":{"rendered":"Ils ont tir\u00e9."},"content":{"rendered":"<p>Amis,<br \/>\nIls ont tir\u00e9.<br \/>\nIl serait st\u00e9rile d\u2019\u00e9voquer encore l\u2019horreur.<br \/>\n\u00ab\u00a0Tous M\u00e9c\u00e8nes\u00a0\u00bb est b\u00e2tie sur des convictions solidaires investies dans l\u2019expression artistique, quelles qu\u2019en soient les formes. <strong>L\u2019art, gage de nos ind\u00e9pendances et de nos libert\u00e9s. L&rsquo;art, le symbole\u00a0ab\u00eem\u00e9, lui aussi.<\/strong><br \/>\n<strong>Ils ont tir\u00e9<\/strong>, nous pla\u00e7ant dans l\u2019incapacit\u00e9 d\u2019imaginer cette horreur car notre imagination ne peut y atteindre. Nous savons qu\u2019elle est, voil\u00e0 tout.<br \/>\n<strong>Ils ont tir\u00e9<\/strong>, nous interdisant le compassionnel utile car nous ne pouvons pas, malgr\u00e9 l\u2019empathie dont nous sommes envahis, que nous ressentons avec force, spontan\u00e9it\u00e9 et sinc\u00e9rit\u00e9, \u00eatre ces enfants, nos enfants, qui assistaient \u00e0 un concert ce vendredi 13 novembre 2015, ces gens libres et paisibles, l\u00e0 ou ailleurs dans un stade ou une rue, pour qui la vie est devenue n\u00e9ant.<br \/>\n<strong>Ils ont tir\u00e9<\/strong>, nous laissant muets \u00e0 l\u2019\u00e9vocation de ce que pourra d\u00e9sormais \u00eatre l\u2019existence de ceux qui ont surv\u00e9cu, atteints ou non physiquement\u00a0; il n\u2019y a ni justice ni \u00e9galit\u00e9 en traumatismes, seulement des certitudes d\u2019abimement.<br \/>\n<strong>Ils ont tir\u00e9<\/strong>. Ceux qui sont tomb\u00e9s n\u2019\u00e9taient pas soldats de cette \u00e9trange guerre de l\u2019invisible et de la d\u00e9mence. Leurs noms, pour le marbre qu\u2019aucune montagne ne pourra jamais enfanter, aussi haute soit-elle\u00a0: l\u2019innocence d\u00e9cim\u00e9e, innombrable depuis le premier des jours, ne se grave pas.<br \/>\n<strong>Ils ont tir\u00e9,<\/strong> nous \u00e9cartelant entre le soulagement d\u2019avoir \u00e9t\u00e9 \u00e9pargn\u00e9s, dans nos vies, nos familles et ceux que nous connaissons, et une sourde, insupportable et d\u00e9rangeante culpabilit\u00e9 de l\u2019avoir \u00e9t\u00e9. La peine de ceux qui en d\u00e9bordent ne nous est perceptible que dans l\u2019id\u00e9e de l\u2019immense, sans que cette immensit\u00e9 ne nous soit mesurable. Nos pens\u00e9es d\u2019alt\u00e9rit\u00e9 nous p\u00e8sent car nous ne savons ni quoi faire, ni quoi dire. Ni quoi faire pour eux, ni quoi leur dire.<br \/>\n<strong>Mais nous pouvons faire et dire pour tous<\/strong>. Nous le <strong>devons<\/strong>. Celui d\u2019aujourd\u2019hui n\u2019a que dettes pour ceux qui l\u2019ont pr\u00e9c\u00e9d\u00e9 en lui\u00a0confiant un mod\u00e8le pr\u00e9cieux m\u00eame s&rsquo;il ne sait\u00a0plus le voir.<br \/>\nLa peur latente, comme celle de ceux qui n\u2019osent vivre par crainte\u00a0de voir leur bonheur se briser, peut-\u00eatre contrari\u00e9e. Elle est \u00e0 notre port\u00e9e dans le combat de nos quotidiens. <strong>Ce combat est de notre responsabilit\u00e9.<\/strong><br \/>\n<strong>Menons-le en \u00e9tant vivants. Sortons, emplissons les salles de spectacle, les th\u00e9\u00e2tres, les expositions, les rues, les terrasses des caf\u00e9s, les stades.<\/strong><br \/>\n<strong>Davantage<\/strong> encore que ce que nous n\u2019avons jamais fait. <strong>Aucun monde libre ne s\u2019est jamais d\u00e9fendu aux abris, ni en d\u00e9l\u00e9gant \u00e0 d\u2019autres la t\u00e2che d\u2019en pr\u00e9server l\u2019int\u00e9grit\u00e9<\/strong>.<br \/>\nSidne Crinchabou.<\/p>\n","protected":false},"excerpt":{"rendered":"<p>Amis, Ils ont tir\u00e9. Il serait st\u00e9rile d\u2019\u00e9voquer encore l\u2019horreur. \u00ab\u00a0Tous M\u00e9c\u00e8nes\u00a0\u00bb est b\u00e2tie sur des convictions solidaires investies dans l\u2019expression artistique, quelles qu\u2019en soient les formes. L\u2019art, gage de nos ind\u00e9pendances et de nos libert\u00e9s. L&rsquo;art, le symbole\u00a0ab\u00eem\u00e9, lui &hellip; <a href=\"https:\/\/www.kananas.com\/tousmecenesenmidi-pyrenees4168\/2015\/11\/16\/ils-ont-tire\/\">Continuer la lecture <span class=\"meta-nav\">&rarr;<\/span><\/a><\/p>\n","protected":false},"author":1149,"featured_media":0,"comment_status":"open","ping_status":"open","sticky":false,"template":"","format":"standard","meta":{"_crdt_document":"","footnotes":""},"categories":[1],"tags":[],"class_list":["post-181","post","type-post","status-publish","format-standard","hentry","category-non-classe"],"_links":{"self":[{"href":"https:\/\/www.kananas.com\/tousmecenesenmidi-pyrenees4168\/wp-json\/wp\/v2\/posts\/181","targetHints":{"allow":["GET"]}}],"collection":[{"href":"https:\/\/www.kananas.com\/tousmecenesenmidi-pyrenees4168\/wp-json\/wp\/v2\/posts"}],"about":[{"href":"https:\/\/www.kananas.com\/tousmecenesenmidi-pyrenees4168\/wp-json\/wp\/v2\/types\/post"}],"author":[{"embeddable":true,"href":"https:\/\/www.kananas.com\/tousmecenesenmidi-pyrenees4168\/wp-json\/wp\/v2\/users\/1149"}],"replies":[{"embeddable":true,"href":"https:\/\/www.kananas.com\/tousmecenesenmidi-pyrenees4168\/wp-json\/wp\/v2\/comments?post=181"}],"version-history":[{"count":0,"href":"https:\/\/www.kananas.com\/tousmecenesenmidi-pyrenees4168\/wp-json\/wp\/v2\/posts\/181\/revisions"}],"wp:attachment":[{"href":"https:\/\/www.kananas.com\/tousmecenesenmidi-pyrenees4168\/wp-json\/wp\/v2\/media?parent=181"}],"wp:term":[{"taxonomy":"category","embeddable":true,"href":"https:\/\/www.kananas.com\/tousmecenesenmidi-pyrenees4168\/wp-json\/wp\/v2\/categories?post=181"},{"taxonomy":"post_tag","embeddable":true,"href":"https:\/\/www.kananas.com\/tousmecenesenmidi-pyrenees4168\/wp-json\/wp\/v2\/tags?post=181"}],"curies":[{"name":"wp","href":"https:\/\/api.w.org\/{rel}","templated":true}]}}