{"id":99,"date":"2013-05-01T19:35:31","date_gmt":"2013-05-01T19:35:31","guid":{"rendered":"http:\/\/www.gestasso.com\/association\/tousmecenesenmidi-pyrenees\/?p=99"},"modified":"2013-05-01T19:35:31","modified_gmt":"2013-05-01T19:35:31","slug":"que-deviennent-julie-cordier-elodie-vom-hofe-laure-mathis","status":"publish","type":"post","link":"https:\/\/www.kananas.com\/tousmecenesenmidi-pyrenees4168\/2013\/05\/01\/que-deviennent-julie-cordier-elodie-vom-hofe-laure-mathis\/","title":{"rendered":"QUE DEVIENNENT JULIE CORDIER, ELODIE VOM HOFE &#038; LAURE MATHIS"},"content":{"rendered":"<p><a href=\"http:\/\/www.kananas.com\/tousmecenesenmidi-pyrenees4168\/wp-content\/uploads\/sites\/1113\/2013\/05\/Tract_V3.jpg\"><img loading=\"lazy\" decoding=\"async\" src=\"http:\/\/www.kananas.com\/tousmecenesenmidi-pyrenees4168\/wp-content\/uploads\/sites\/1113\/2013\/05\/Tract_V3-199x300.jpg\" alt=\"\" width=\"199\" height=\"300\" class=\"aligncenter size-medium wp-image-108\" \/><\/a>Nous apportions en juillet 2012 notre soutien \u00e0 trois artistes qui souhaitaient mettre \u00e0 l&rsquo;\u00e9preuve LE SECRET DANS LA BARBE.<br \/>\nJulie CORDIER, Elodie VOM HOFE et Laure MATHIS, apr\u00e8s trois jours de r\u00e9sidence \u00e0 TOULOUSE, h\u00e9berg\u00e9es par nos amis MECENES, avaient donn\u00e9 \u00e0 lire le 7 juillet 2012 le conte \u00e9crit par Julie CORDIER autour du th\u00e8me de Barbe Bleue. C&rsquo;\u00e9tait le tout d\u00e9but d&rsquo;un texte qui en partie grace \u00e0 \u00e0 Tous M\u00e9c\u00e8nes, devait se confronter \u00e0 sa mise en action et en situation, s&rsquo;offrir \u00e0 la critique et \u00e0 la r\u00e9flexion pour atteindre un degr\u00e9 de maturit\u00e9 autorisant son \u00e9mancipation.<br \/>\nSoyons heureux. L&rsquo;enfant \u00e0 la naissance duquel nous avons assist\u00e9e grandit ainsi que nous l&rsquo;esp\u00e9rions.<br \/>\nMais s&rsquo;il a fait ses premiers pas dans un beau jardin de la rue des Potiers, \u00e0 TOULOUSE, c&rsquo;est ailleurs (ingrat) que, pr\u00e8s d&rsquo;un an plus tard, il va, le trac au ventre, se donner au grand public (\u00e0 la diff\u00e9rence du n\u00f4tre qui est un public grand mais encore assez intime).<br \/>\nLE SECRET DANS LA BARBE a \u00e9t\u00e9 programm\u00e9 les 16 et 17 mai au Th\u00e9\u00e2tre de VANVES puis les 30, 31 mai et 1er juin \u00e0 la Maison du D\u00e9veloppement Culturel de GENNEVILLIERS.<br \/>\nM\u00e9c\u00e8nes, alertez vos familles, vos amis, vos relations et transmettez leur le flyer joint en t\u00eate ! Qu&rsquo;ils portent jusqu&rsquo;\u00e0 VANVES ou a GENNEVILLIERS notre soutien \u00e0 ces artistes que nous aimons ! Qu&rsquo;ils soient assur\u00e9s qu&rsquo;ils ne se barberont pas. L&rsquo;oeuvre est l\u00e0, comme un conte. Aboutie. Les com\u00e9diennes ont un talent fou. Le musicien, Friedrich BASSARAK (que nous ne connaissons pas) nous a \u00e9t\u00e9 pr\u00e9sent\u00e9 comme lumineux !<br \/>\nJe serai pour ma part \u00e0 GENNEVILLIERS. Je vous dirai bient\u00f4t de mani\u00e8re plus nourrie ce que deviennent nos artistes.<br \/>\nSIDNE CRINCHABOU<\/p>\n","protected":false},"excerpt":{"rendered":"<p>Nous apportions en juillet 2012 notre soutien \u00e0 trois artistes qui souhaitaient mettre \u00e0 l&rsquo;\u00e9preuve LE SECRET DANS LA BARBE. Julie CORDIER, Elodie VOM HOFE et Laure MATHIS, apr\u00e8s trois jours de r\u00e9sidence \u00e0 TOULOUSE, h\u00e9berg\u00e9es par nos amis MECENES, &hellip; <a href=\"https:\/\/www.kananas.com\/tousmecenesenmidi-pyrenees4168\/2013\/05\/01\/que-deviennent-julie-cordier-elodie-vom-hofe-laure-mathis\/\">Continuer la lecture <span class=\"meta-nav\">&rarr;<\/span><\/a><\/p>\n","protected":false},"author":1149,"featured_media":0,"comment_status":"closed","ping_status":"open","sticky":false,"template":"","format":"standard","meta":{"_crdt_document":"","footnotes":""},"categories":[3],"tags":[],"class_list":["post-99","post","type-post","status-publish","format-standard","hentry","category-que-deviennent-ils"],"_links":{"self":[{"href":"https:\/\/www.kananas.com\/tousmecenesenmidi-pyrenees4168\/wp-json\/wp\/v2\/posts\/99","targetHints":{"allow":["GET"]}}],"collection":[{"href":"https:\/\/www.kananas.com\/tousmecenesenmidi-pyrenees4168\/wp-json\/wp\/v2\/posts"}],"about":[{"href":"https:\/\/www.kananas.com\/tousmecenesenmidi-pyrenees4168\/wp-json\/wp\/v2\/types\/post"}],"author":[{"embeddable":true,"href":"https:\/\/www.kananas.com\/tousmecenesenmidi-pyrenees4168\/wp-json\/wp\/v2\/users\/1149"}],"replies":[{"embeddable":true,"href":"https:\/\/www.kananas.com\/tousmecenesenmidi-pyrenees4168\/wp-json\/wp\/v2\/comments?post=99"}],"version-history":[{"count":0,"href":"https:\/\/www.kananas.com\/tousmecenesenmidi-pyrenees4168\/wp-json\/wp\/v2\/posts\/99\/revisions"}],"wp:attachment":[{"href":"https:\/\/www.kananas.com\/tousmecenesenmidi-pyrenees4168\/wp-json\/wp\/v2\/media?parent=99"}],"wp:term":[{"taxonomy":"category","embeddable":true,"href":"https:\/\/www.kananas.com\/tousmecenesenmidi-pyrenees4168\/wp-json\/wp\/v2\/categories?post=99"},{"taxonomy":"post_tag","embeddable":true,"href":"https:\/\/www.kananas.com\/tousmecenesenmidi-pyrenees4168\/wp-json\/wp\/v2\/tags?post=99"}],"curies":[{"name":"wp","href":"https:\/\/api.w.org\/{rel}","templated":true}]}}